{"id":8670,"date":"2016-01-29T00:00:56","date_gmt":"2016-01-29T00:00:56","guid":{"rendered":"http:\/\/www.federacaopaulistadefutsal.com.br\/?p=8670"},"modified":"2016-01-29T00:00:56","modified_gmt":"2016-01-29T00:00:56","slug":"comunicado-fpfs-assembleia-geral-eletiva-acontece-nesta-sexta-feira","status":"publish","type":"post","link":"https:\/\/www.federacaopaulistadefutsal.com.br\/novo\/comunicado-fpfs-assembleia-geral-eletiva-acontece-nesta-sexta-feira\/","title":{"rendered":"Comunicado FPFS &#8211; Assembleia Geral Eletiva acontece nesta sexta-feira"},"content":{"rendered":"<p>&nbsp;<br \/>\nNesta sexta-feira (29), vai acontecer, no audit\u00f3rio da sede da Federa\u00e7\u00e3o Paulista de Futsal (FPFS), em S\u00e3o Paulo-SP, a Assembleia Geral Eletiva, que vai reunir Associa\u00e7\u00f5es e Ligas filiadas, em condi\u00e7\u00f5es de participa\u00e7\u00e3o. Para o evento, a FPFS informa que, aos interessados em participar, \u00e9 necess\u00e1rio ter credencial do presidente Sr. Ciro Font\u00e3o de Souza em papel timbrado. Confira mais informa\u00e7\u00f5es sobre este importante acontecimento!<br \/>\n<strong>Data &#8211;<\/strong> 29\/01\/2016<br \/>\n<strong>Local &#8211;<\/strong> Audit\u00f3rio da FPFS &#8211; Rua Benefic\u00eancia Portuguesa, 24 &#8211; 6\u00ba andar, sala 618 &#8211; Santa Efig\u00eania, S\u00e3o Paulo-SP.<br \/>\n<strong>Hor\u00e1rio &#8211;<\/strong> A partir das 16h30<br \/>\n<strong>Durante a Assembleia, ser\u00e3o realizados os seguintes procedimentos:<\/strong><br \/>\n<strong>1\u00ba<\/strong>\u00a0Eleger, em chapa completa, o presidente e um vice-presidente administrativo da FPFS e, tamb\u00e9m, tr\u00eas membros efetivos e seus tr\u00eas membros suplentes, do Conselho Fiscal.<br \/>\n<strong>2\u00ba\u00a0<\/strong>Posse aos eleitos nesta mesma data.<br \/>\n<strong>3\u00ba <\/strong>Designa\u00e7\u00e3o da nova diretoria.<br \/>\n<strong>4\u00ba <\/strong>Designa\u00e7\u00e3o do Tribunal de Justi\u00e7a Desportiva.<\/p>\n<p class=\"western\" align=\"JUSTIFY\"><strong>NOTA 1<\/strong>\u00a0&#8211; A data e hora limites de encerramento para inscri\u00e7\u00e3o e protocolo de chapas completas \u00e9 o dia<strong> 18 de janeiro de 2016<\/strong>, \u00e0s 18h00. <strong>(Art. 14, Par\u00e1grafo 4\u00ba do estatuto)<\/strong>.<\/p>\n<p class=\"western\" align=\"JUSTIFY\"><strong>NOTA 2<\/strong>\u00a0&#8211; De acordo com o <strong>inciso II do Art. 14 do estatuto<\/strong>, as chapas completas <strong>(item 1 da ordem de procedimentos do dia)<\/strong>\u00a0dever\u00e3o ser obrigatoriamente\u00a0indicadas por, pelo menos, dez\u00a0clubes pertencentes \u00e0 Divis\u00e3o Especial, podendo o mesmo clube assinar por mais de uma chapa de candidatos.<\/p>\n<p class=\"western\" align=\"JUSTIFY\">Por Assessoria FPFS<\/p>\n<p>&nbsp;<\/p>\n","protected":false},"excerpt":{"rendered":"<p>&nbsp; Nesta sexta-feira (29), vai acontecer, no audit\u00f3rio da sede da Federa\u00e7\u00e3o Paulista de Futsal (FPFS), em S\u00e3o Paulo-SP, a<\/p>\n","protected":false},"author":1,"featured_media":8673,"comment_status":"closed","ping_status":"open","sticky":false,"template":"","format":"standard","meta":{"footnotes":""},"categories":[25,28],"tags":[286,293,604,629,660,912,997,42,1534,2207,2222],"class_list":["post-8670","post","type-post","status-publish","format-standard","has-post-thumbnail","hentry","category-destaques","category-fpfs-acontece","tag-assembleia","tag-associacoes","tag-ciro","tag-clubes","tag-comunicado","tag-eletiva","tag-evento","tag-fpfs","tag-ligas","tag-sao-paulo","tag-sede"],"_links":{"self":[{"href":"https:\/\/www.federacaopaulistadefutsal.com.br\/novo\/wp-json\/wp\/v2\/posts\/8670","targetHints":{"allow":["GET"]}}],"collection":[{"href":"https:\/\/www.federacaopaulistadefutsal.com.br\/novo\/wp-json\/wp\/v2\/posts"}],"about":[{"href":"https:\/\/www.federacaopaulistadefutsal.com.br\/novo\/wp-json\/wp\/v2\/types\/post"}],"author":[{"embeddable":true,"href":"https:\/\/www.federacaopaulistadefutsal.com.br\/novo\/wp-json\/wp\/v2\/users\/1"}],"replies":[{"embeddable":true,"href":"https:\/\/www.federacaopaulistadefutsal.com.br\/novo\/wp-json\/wp\/v2\/comments?post=8670"}],"version-history":[{"count":0,"href":"https:\/\/www.federacaopaulistadefutsal.com.br\/novo\/wp-json\/wp\/v2\/posts\/8670\/revisions"}],"wp:featuredmedia":[{"embeddable":true,"href":"https:\/\/www.federacaopaulistadefutsal.com.br\/novo\/wp-json\/"}],"wp:attachment":[{"href":"https:\/\/www.federacaopaulistadefutsal.com.br\/novo\/wp-json\/wp\/v2\/media?parent=8670"}],"wp:term":[{"taxonomy":"category","embeddable":true,"href":"https:\/\/www.federacaopaulistadefutsal.com.br\/novo\/wp-json\/wp\/v2\/categories?post=8670"},{"taxonomy":"post_tag","embeddable":true,"href":"https:\/\/www.federacaopaulistadefutsal.com.br\/novo\/wp-json\/wp\/v2\/tags?post=8670"}],"curies":[{"name":"wp","href":"https:\/\/api.w.org\/{rel}","templated":true}]}}