{"id":8695,"date":"2016-01-30T01:37:30","date_gmt":"2016-01-30T01:37:30","guid":{"rendered":"http:\/\/www.federacaopaulistadefutsal.com.br\/?p=8695"},"modified":"2016-01-30T01:37:30","modified_gmt":"2016-01-30T01:37:30","slug":"novo-presidente-da-fpfs-assume-com-o-objetivo-de-renovacao","status":"publish","type":"post","link":"https:\/\/www.federacaopaulistadefutsal.com.br\/novo\/novo-presidente-da-fpfs-assume-com-o-objetivo-de-renovacao\/","title":{"rendered":"Novo presidente da FPFS assume com o objetivo de Renova\u00e7\u00e3o"},"content":{"rendered":"<p><a href=\"http:\/\/www.federacaopaulistadefutsal.com.br\/wp-content\/uploads\/2016\/01\/Filiados_Convidados-presentes.jpg\" rel=\"attachment wp-att-8692\"><br \/>\n<\/a>Na tarde desta sexta-feira (29\/01), o Futsal Paulista conheceu novo presidente da Federa\u00e7\u00e3o Paulista de Futsal para o quadri\u00eanio 2016 \u2013 2020. Quem assumiu o posto \u00e9 o ex-presidente da Associa\u00e7\u00e3o Atl\u00e9tica Banco do Brasil (AABB), Sr. Nilton Cifuentes Rom\u00e3o, ou simplesmente Ramon, como \u00e9 conhecido.<br \/>\n<a href=\"http:\/\/www.federacaopaulistadefutsal.com.br\/wp-content\/uploads\/2016\/01\/Filiados_Convidados-presentes.jpg\" rel=\"attachment wp-att-8692\"><img fetchpriority=\"high\" decoding=\"async\" class=\"aligncenter size-full wp-image-8692\" src=\"http:\/\/www.federacaopaulistadefutsal.com.br\/wp-content\/uploads\/2016\/01\/Filiados_Convidados-presentes.jpg\" alt=\"Filiados_Convidados presentes\" width=\"1000\" height=\"627\" \/><\/a><br \/>\nPouco mais de 30 anos de gest\u00e3o, trabalhando em prol do crescimento da modalidade, das competi\u00e7\u00f5es, lutando por resultados satisfat\u00f3rios, Dr. Ciro Font\u00e3o de Souza deixou a presid\u00eancia da Federa\u00e7\u00e3o Paulista.<br \/>\nCiro Font\u00e3o convidou Ramon para ser o seu candidato \u00e0 presid\u00eancia, afirmando ser a pessoa melhor para suced\u00ea-lo.<br \/>\n<a href=\"http:\/\/www.federacaopaulistadefutsal.com.br\/wp-content\/uploads\/2016\/01\/IMG_0991.jpg\" rel=\"attachment wp-att-8691\"><img decoding=\"async\" class=\"alignleft size-medium wp-image-8691\" src=\"http:\/\/www.federacaopaulistadefutsal.com.br\/wp-content\/uploads\/2016\/01\/IMG_0991-300x200.jpg\" alt=\"IMG_0991\" width=\"300\" height=\"200\" \/><\/a>&#8211; Ramon \u00e9 \u2018<em>salonista<\/em>\u2019 nato, foi pe\u00e7a fundamental como atleta da sele\u00e7\u00e3o brasileira, paulista e equipes do Futsal, possui a pr\u00e1tica cotidiana de profissional como atleta, treinador, supervisor e presidente, dando a ele total condi\u00e7\u00e3o de entender as car\u00eancias que a nossa modalidade tem ou possa ter \u2013 afirmou o presidente.<br \/>\n&#8211; <em>\u00c9 a pessoa mais preparada para assumir esta entidade, tanto que, chamei Ramon em setembro de 2013, para ser meu vice-presidente, j\u00e1 tendo o intuito de convid\u00e1-lo para assumir o meu lugar em 2016. Estes dois anos como meu vice serviu para que ele se inteirasse dos assuntos gerais da Federa\u00e7\u00e3o, sei que j\u00e1 tem ideias e projetos formados para sua gest\u00e3o \u00e0 frente desta entidade, tenho certeza com estes ir\u00e1 fazer diferen\u00e7a aqui<\/em> \u2013 completou.<br \/>\nFora compet\u00eancias profissionais na modalidade, Ramon trar\u00e1 para Federa\u00e7\u00e3o sua fasta experi\u00eancia administrativa, isto, pois atuou por 34 anos no Banco do Brasil. Ele \u00e9 formado em Administra\u00e7\u00e3o de Empresas pela Pontif\u00edcia Universidade Cat\u00f3lica de S\u00e3o Paulo (PUC- SP) e provisionado em Educa\u00e7\u00e3o F\u00edsica pela Faculdade Metropolitana Unidas (FMU). Profissional completo.<br \/>\nTamb\u00e9m presidiu a Associa\u00e7\u00e3o Atl\u00e9tica Banco do Brasil por 6 anos. Encerrou seu mandato no final do m\u00eas de agosto de 2015. Hoje, ainda permanece na Associa\u00e7\u00e3o, agora como presidente do Conselho Deliberativo.<br \/>\nO novo presidente assume com objetivo de ampliar a comunica\u00e7\u00e3o com os filiados, atletas e \u00e1rbitros, investir em a\u00e7\u00f5es de marketing, modernizar a gest\u00e3o e implantar a\u00e7\u00f5es que possam ser necess\u00e1rias.<br \/>\n<a href=\"http:\/\/www.federacaopaulistadefutsal.com.br\/wp-content\/uploads\/2016\/01\/IMG_0963.jpg\" rel=\"attachment wp-att-8693\"><img decoding=\"async\" class=\"alignleft size-medium wp-image-8693\" src=\"http:\/\/www.federacaopaulistadefutsal.com.br\/wp-content\/uploads\/2016\/01\/IMG_0963-300x200.jpg\" alt=\"IMG_0963\" width=\"300\" height=\"200\" \/><\/a>&#8211; <em>Tenho como meta modernizar a gest\u00e3o da federa\u00e7\u00e3o, dentre outras coisas manter sempre aberto o canal ligas\/clubes\/atletas\/\u00e1rbitros com a federa\u00e7\u00e3o para amplo di\u00e1logo, investir em a\u00e7\u00f5es de marketing para busca de recursos, fortalecer ainda mais nossos campeonatos (masculino e feminino), entre outra a\u00e7\u00f5es que ser\u00e3o implantadas<\/em> \u2013 informou o novo presidente.<br \/>\nHoje, foram apresentados membros do Conselho Fiscal , \u00f3rg\u00e3o de aferi\u00e7\u00e3o , acompanhamento, avalia\u00e7\u00e3o e averigua\u00e7\u00e3o, eleito para acompanhar permanentemente o desempenho da Federa\u00e7\u00e3o. Na primeira quinzena do m\u00eas de fevereiro, ser\u00e3o apresentados os membros da nova diretoria.<br \/>\n<strong>Composi\u00e7\u00e3o da Chapa &#8220;Viva Federa\u00e7\u00e3o&#8221;<\/strong><br \/>\n<strong>Presidente<\/strong><br \/>\nNilton Cifuentes Rom\u00e3o<br \/>\n<strong>Vice-Presidente Administrativo e Financeiro<\/strong><br \/>\nJos\u00e9 Marcos Barbosa<br \/>\n<strong>Conselho Fiscal<br \/>\n<\/strong>Efetivos:<br \/>\nOrides Moya de Freitas<br \/>\nMartin Leandro Enriquez<br \/>\nLuiz Alexandre de Noronha<br \/>\nSuplentes:<br \/>\nRoberto Alonso<br \/>\nMarcos Alves Lameira Pinheiro<br \/>\nSilvio Yoiti Katsurragi<br \/>\nPor: Assessoria FPFS<\/p>\n","protected":false},"excerpt":{"rendered":"<p>Na tarde desta sexta-feira (29\/01), o Futsal Paulista conheceu novo presidente da Federa\u00e7\u00e3o Paulista de Futsal para o quadri\u00eanio 2016<\/p>\n","protected":false},"author":1,"featured_media":8694,"comment_status":"closed","ping_status":"open","sticky":false,"template":"","format":"standard","meta":{"footnotes":""},"categories":[25,28,32,33],"tags":[1037,1131,1728,1752],"class_list":["post-8695","post","type-post","status-publish","format-standard","has-post-thumbnail","hentry","category-destaques","category-fpfs-acontece","category-maiores","category-menores","tag-federacao-paulista-de-futsal","tag-futsal","tag-nilton-cifuentes-romao","tag-novo-presidente"],"_links":{"self":[{"href":"https:\/\/www.federacaopaulistadefutsal.com.br\/novo\/wp-json\/wp\/v2\/posts\/8695","targetHints":{"allow":["GET"]}}],"collection":[{"href":"https:\/\/www.federacaopaulistadefutsal.com.br\/novo\/wp-json\/wp\/v2\/posts"}],"about":[{"href":"https:\/\/www.federacaopaulistadefutsal.com.br\/novo\/wp-json\/wp\/v2\/types\/post"}],"author":[{"embeddable":true,"href":"https:\/\/www.federacaopaulistadefutsal.com.br\/novo\/wp-json\/wp\/v2\/users\/1"}],"replies":[{"embeddable":true,"href":"https:\/\/www.federacaopaulistadefutsal.com.br\/novo\/wp-json\/wp\/v2\/comments?post=8695"}],"version-history":[{"count":0,"href":"https:\/\/www.federacaopaulistadefutsal.com.br\/novo\/wp-json\/wp\/v2\/posts\/8695\/revisions"}],"wp:featuredmedia":[{"embeddable":true,"href":"https:\/\/www.federacaopaulistadefutsal.com.br\/novo\/wp-json\/"}],"wp:attachment":[{"href":"https:\/\/www.federacaopaulistadefutsal.com.br\/novo\/wp-json\/wp\/v2\/media?parent=8695"}],"wp:term":[{"taxonomy":"category","embeddable":true,"href":"https:\/\/www.federacaopaulistadefutsal.com.br\/novo\/wp-json\/wp\/v2\/categories?post=8695"},{"taxonomy":"post_tag","embeddable":true,"href":"https:\/\/www.federacaopaulistadefutsal.com.br\/novo\/wp-json\/wp\/v2\/tags?post=8695"}],"curies":[{"name":"wp","href":"https:\/\/api.w.org\/{rel}","templated":true}]}}