{"id":8723,"date":"2016-02-01T17:20:13","date_gmt":"2016-02-01T17:20:13","guid":{"rendered":"http:\/\/www.federacaopaulistadefutsal.com.br\/?p=8723"},"modified":"2016-02-01T17:20:13","modified_gmt":"2016-02-01T17:20:13","slug":"c-a-ypiranga-realiza-peneiras-para-atletas-nascidos-em-2007-e-2008","status":"publish","type":"post","link":"https:\/\/www.federacaopaulistadefutsal.com.br\/novo\/c-a-ypiranga-realiza-peneiras-para-atletas-nascidos-em-2007-e-2008\/","title":{"rendered":"C.A. Ypiranga realiza peneiras para atletas nascidos em 2007 e 2008"},"content":{"rendered":"<p>&nbsp;<br \/>\nVisando refor\u00e7ar suas equipes de menores para\u00a0a temporada, o C.A. Ypiranga\u00a0realiza peneiras para atletas das categorias sub-08 e 09\u00a0(nascidos em 2007 e 2008). Os testes est\u00e3o marcados para os dias 03, 05, 12, 17 e 19 de fevereiro, no\u00a0bairro do Ipiranga, zona sul\u00a0de S\u00e3o Paulo-SP. Confira!<br \/>\n<strong>Datas e hor\u00e1rios das peneiras:\u00a0<\/strong><br \/>\nDias 03, 05, 12, 17 e 19 de fevereiro, a partir das 19h30.<br \/>\n<strong>Endere\u00e7o das peneiras (C.A. Ypiranga):\u00a0<\/strong><br \/>\n<span data-reactid=\".10.1:4:1:$comment862585143796234_862605830460832:0.0.$right.0.$left.0.0.1.$comment-body.0.$end:0:$text2:0\">Rua\u00a0do Manifesto, 475 &#8211; Ipiranga &#8211; S\u00e3o Paulo-SP <strong>(OBS: Entrar pela portaria 01)<\/strong><\/span><br \/>\n<strong>Para mais informa\u00e7\u00f5es:<\/strong><br \/>\nFavor entrar em contato com Rog\u00e9rio H. Castro\u00a0(e-mail: esporte@cay.com.br).<br \/>\nTelefones: (11)\u00a03386-3386\/3386-3390.<br \/>\n<strong>IMPORTANTE!<\/strong> &#8211; Para a realiza\u00e7\u00e3o dos testes, os atletas devem levar documenta\u00e7\u00e3o (R.G) e comparecer trajados de uniforme e material esportivo para a pr\u00e1tica do futsal.<br \/>\n&nbsp;<br \/>\nPor Assessoria FPFS<br \/>\nCom informa\u00e7\u00f5es:\u00a0Rog\u00e9rio H. Castro\/C.A. Ypiranga<\/p>\n","protected":false},"excerpt":{"rendered":"<p>&nbsp; Visando refor\u00e7ar suas equipes de menores para\u00a0a temporada, o C.A. Ypiranga\u00a0realiza peneiras para atletas das categorias sub-08 e 09\u00a0(nascidos<\/p>\n","protected":false},"author":1,"featured_media":8725,"comment_status":"closed","ping_status":"open","sticky":false,"template":"","format":"standard","meta":{"footnotes":""},"categories":[25,33],"tags":[74,948,1413,1643,43,2061,2345,2346,2430,2449,2635,2642],"class_list":["post-8723","post","type-post","status-publish","format-standard","has-post-thumbnail","hentry","category-destaques","category-menores","tag-74","tag-equipes","tag-jogadores","tag-menores-2","tag-peneiras","tag-reforcar","tag-sub-08","tag-sub-09","tag-temporada","tag-testes","tag-ypiranga","tag-zona-sul"],"_links":{"self":[{"href":"https:\/\/www.federacaopaulistadefutsal.com.br\/novo\/wp-json\/wp\/v2\/posts\/8723","targetHints":{"allow":["GET"]}}],"collection":[{"href":"https:\/\/www.federacaopaulistadefutsal.com.br\/novo\/wp-json\/wp\/v2\/posts"}],"about":[{"href":"https:\/\/www.federacaopaulistadefutsal.com.br\/novo\/wp-json\/wp\/v2\/types\/post"}],"author":[{"embeddable":true,"href":"https:\/\/www.federacaopaulistadefutsal.com.br\/novo\/wp-json\/wp\/v2\/users\/1"}],"replies":[{"embeddable":true,"href":"https:\/\/www.federacaopaulistadefutsal.com.br\/novo\/wp-json\/wp\/v2\/comments?post=8723"}],"version-history":[{"count":0,"href":"https:\/\/www.federacaopaulistadefutsal.com.br\/novo\/wp-json\/wp\/v2\/posts\/8723\/revisions"}],"wp:featuredmedia":[{"embeddable":true,"href":"https:\/\/www.federacaopaulistadefutsal.com.br\/novo\/wp-json\/"}],"wp:attachment":[{"href":"https:\/\/www.federacaopaulistadefutsal.com.br\/novo\/wp-json\/wp\/v2\/media?parent=8723"}],"wp:term":[{"taxonomy":"category","embeddable":true,"href":"https:\/\/www.federacaopaulistadefutsal.com.br\/novo\/wp-json\/wp\/v2\/categories?post=8723"},{"taxonomy":"post_tag","embeddable":true,"href":"https:\/\/www.federacaopaulistadefutsal.com.br\/novo\/wp-json\/wp\/v2\/tags?post=8723"}],"curies":[{"name":"wp","href":"https:\/\/api.w.org\/{rel}","templated":true}]}}