{"id":8780,"date":"2016-02-03T17:00:57","date_gmt":"2016-02-03T17:00:57","guid":{"rendered":"http:\/\/www.federacaopaulistadefutsal.com.br\/?p=8780"},"modified":"2016-02-03T17:00:57","modified_gmt":"2016-02-03T17:00:57","slug":"pivo-da-selecao-je-vai-vestir-camisa-de-time-do-futsal-espanhol","status":"publish","type":"post","link":"https:\/\/www.federacaopaulistadefutsal.com.br\/novo\/pivo-da-selecao-je-vai-vestir-camisa-de-time-do-futsal-espanhol\/","title":{"rendered":"Piv\u00f4 da Sele\u00e7\u00e3o, J\u00e9 vai vestir camisa de time do futsal espanhol"},"content":{"rendered":"<p>&nbsp;<br \/>\nNa \u00faltima ter\u00e7a-feira (02), o piv\u00f4 J\u00e9, ex-Kairat Almat, do Cazaquist\u00e3o, confirmou que vai vestir a camisa de novo time, da Europa, em 2016. O jogador vai defender o El Pozo Murcia, da Espanha, por empr\u00e9stimo, e falou sobre sua\u00a0alegria pelo desafio nas quatro linhas das quadras; ele est\u00e1 concentrado com a Sele\u00e7\u00e3o Brasileira de Futsal, que vai disputar as Eliminat\u00f3rias para a\u00a0Copa do Mundo 2016.<br \/>\n<strong>&#8220;Este ano de 2016 tem sido maravilhoso para mim: teve o nascimento das minhas filhas e agora estou realizando este sonho de jogar na Espanha. Estou muito empolgado com este novo desafio&#8221;,<\/strong> declarou o piv\u00f4.<br \/>\nO compromisso do jogador com o El Pozo Murcia vai at\u00e9 metade do m\u00eas de junho, per\u00edodo em que termina a Liga Espanhola de Futsal, principal torneio do pa\u00eds europeu. J\u00e1 com o Kairat Almat, time cazaque, o contrato de J\u00e9 \u00e9 v\u00e1lido at\u00e9 maio de 2017; e com a Sele\u00e7\u00e3o Brasileira, o atleta disputar\u00e1 as Eliminat\u00f3rias da Copa do Mundo 2016.<br \/>\n&nbsp;<br \/>\nPor Assessoria FPFS<br \/>\nCom informa\u00e7\u00f5es: Alphamidia<br \/>\nFoto: Divulga\u00e7\u00e3o\/Kairat Almat<br \/>\n&nbsp;<br \/>\n&nbsp;<\/p>\n","protected":false},"excerpt":{"rendered":"<p>&nbsp; Na \u00faltima ter\u00e7a-feira (02), o piv\u00f4 J\u00e9, ex-Kairat Almat, do Cazaquist\u00e3o, confirmou que vai vestir a camisa de novo<\/p>\n","protected":false},"author":1,"featured_media":8781,"comment_status":"closed","ping_status":"open","sticky":false,"template":"","format":"standard","meta":{"footnotes":""},"categories":[32,35],"tags":[308,419,907,958,995,1396,1409,1463,1645,1719,1891,2239],"class_list":["post-8780","post","type-post","status-publish","format-standard","has-post-thumbnail","hentry","category-maiores","category-selecao","tag-atleta","tag-brasil","tag-el-pozo","tag-espanha","tag-europa","tag-je","tag-jogador","tag-kairat","tag-mercado","tag-negociacoes","tag-pivo","tag-selecao"],"_links":{"self":[{"href":"https:\/\/www.federacaopaulistadefutsal.com.br\/novo\/wp-json\/wp\/v2\/posts\/8780","targetHints":{"allow":["GET"]}}],"collection":[{"href":"https:\/\/www.federacaopaulistadefutsal.com.br\/novo\/wp-json\/wp\/v2\/posts"}],"about":[{"href":"https:\/\/www.federacaopaulistadefutsal.com.br\/novo\/wp-json\/wp\/v2\/types\/post"}],"author":[{"embeddable":true,"href":"https:\/\/www.federacaopaulistadefutsal.com.br\/novo\/wp-json\/wp\/v2\/users\/1"}],"replies":[{"embeddable":true,"href":"https:\/\/www.federacaopaulistadefutsal.com.br\/novo\/wp-json\/wp\/v2\/comments?post=8780"}],"version-history":[{"count":0,"href":"https:\/\/www.federacaopaulistadefutsal.com.br\/novo\/wp-json\/wp\/v2\/posts\/8780\/revisions"}],"wp:featuredmedia":[{"embeddable":true,"href":"https:\/\/www.federacaopaulistadefutsal.com.br\/novo\/wp-json\/"}],"wp:attachment":[{"href":"https:\/\/www.federacaopaulistadefutsal.com.br\/novo\/wp-json\/wp\/v2\/media?parent=8780"}],"wp:term":[{"taxonomy":"category","embeddable":true,"href":"https:\/\/www.federacaopaulistadefutsal.com.br\/novo\/wp-json\/wp\/v2\/categories?post=8780"},{"taxonomy":"post_tag","embeddable":true,"href":"https:\/\/www.federacaopaulistadefutsal.com.br\/novo\/wp-json\/wp\/v2\/tags?post=8780"}],"curies":[{"name":"wp","href":"https:\/\/api.w.org\/{rel}","templated":true}]}}