{"id":8827,"date":"2016-02-05T15:00:58","date_gmt":"2016-02-05T15:00:58","guid":{"rendered":"http:\/\/www.federacaopaulistadefutsal.com.br\/?p=8827"},"modified":"2016-02-05T15:00:58","modified_gmt":"2016-02-05T15:00:58","slug":"apos-anunciar-jogadores-diretoria-do-taubate-promove-leandrinho-a-comissao-tecnica","status":"publish","type":"post","link":"https:\/\/www.federacaopaulistadefutsal.com.br\/novo\/apos-anunciar-jogadores-diretoria-do-taubate-promove-leandrinho-a-comissao-tecnica\/","title":{"rendered":"Ap\u00f3s anunciar jogadores, diretoria do Taubat\u00e9 promove Leandrinho \u00e0 comiss\u00e3o t\u00e9cnica"},"content":{"rendered":"<p>&nbsp;<br \/>\nDepois de anunciar\u00a0Dudu, Lucas, Nen\u00ea e Rodrigo como os novos refor\u00e7os para a temporada, a diretoria do Taubat\u00e9, na \u00faltima quinta-feira (04), trouxe mais uma novidade para sua torcida. Leandrinho Reis, que defendeu o time taubateano no ano passado como piv\u00f4, agora \u00e9 o novo auxiliar t\u00e9cnico e f\u00edsico da equipe.<br \/>\n<strong>&#8220;\u00c9 um novo desafio na minha vida profissional. Estou muito feliz pela oportunidade, j\u00e1 que ao longo dos anos me preparei para isso&#8221;,<\/strong> declarou\u00a0Leandrinho, que nos \u00faltimos cinco anos defendeu o clube do Vale do Para\u00edba, conquistando t\u00edtulos\u00a0como os Jogos Regionais, o Campeonato Paulista e o Metropolitano A2.<br \/>\n<strong>&#8220;Foi um dos melhores jogadores de futsal que j\u00e1 vi em quadra: diferenciado, decisivo e muito vitorioso. Nessa transi\u00e7\u00e3o, tenho certeza que vai agregar muito e ir\u00e1 fazer um \u00f3timo trabalho. Ele ficou marcado na hist\u00f3ria de Taubat\u00e9-SP e agora vai seguir esse mesmo caminho fora das quadras&#8221;,<\/strong> elogiou\u00a0Andr\u00e9 Coutinho, diretor do time taubateano.<br \/>\nAl\u00e9m de passagem pela equipe do interior paulista e, tamb\u00e9m, por outras do futsal brasileiro, Leandrinho entrou em quadra pela Sele\u00e7\u00e3o Paulista de Futsal. O ex-jogador tem boas expectativas em rela\u00e7\u00e3o \u00e0 temporada do clube do Vale do Para\u00edba, e ele declarou o seguinte:\u00a0<strong>&#8220;Formamos um \u00f3timo grupo que conta com atletas renomados, que passaram por grandes clubes do Brasil e exterior. S\u00e3o jogadores vitoriosos, que se juntaram \u00e0\u00a0base mantida do ano passado &#8220;,\u00a0<\/strong>finalizou Reis.<br \/>\n&nbsp;<br \/>\nPor Assessoria FPFS<br \/>\nCom informa\u00e7\u00f5es: Top 10 Comunica\u00e7\u00e3o<br \/>\nFoto: Divulga\u00e7\u00e3o\/ Jonas Barbetta\/Top 10 Comunica\u00e7\u00e3o<br \/>\n&nbsp;<\/p>\n","protected":false},"excerpt":{"rendered":"<p>&nbsp; Depois de anunciar\u00a0Dudu, Lucas, Nen\u00ea e Rodrigo como os novos refor\u00e7os para a temporada, a diretoria do Taubat\u00e9, na<\/p>\n","protected":false},"author":1,"featured_media":8828,"comment_status":"closed","ping_status":"open","sticky":false,"template":"","format":"standard","meta":{"footnotes":""},"categories":[29,32],"tags":[308,645,947,1003,1495,1645,1750,2078,2414,2419,2459,2548],"class_list":["post-8827","post","type-post","status-publish","format-standard","has-post-thumbnail","hentry","category-interior","category-maiores","tag-atleta","tag-comissao-tecnica","tag-equipe","tag-ex-jogador","tag-leandrinho","tag-mercado","tag-novidades","tag-reis","tag-taubate","tag-taubateanos","tag-time","tag-vale-do-paraiba"],"_links":{"self":[{"href":"https:\/\/www.federacaopaulistadefutsal.com.br\/novo\/wp-json\/wp\/v2\/posts\/8827","targetHints":{"allow":["GET"]}}],"collection":[{"href":"https:\/\/www.federacaopaulistadefutsal.com.br\/novo\/wp-json\/wp\/v2\/posts"}],"about":[{"href":"https:\/\/www.federacaopaulistadefutsal.com.br\/novo\/wp-json\/wp\/v2\/types\/post"}],"author":[{"embeddable":true,"href":"https:\/\/www.federacaopaulistadefutsal.com.br\/novo\/wp-json\/wp\/v2\/users\/1"}],"replies":[{"embeddable":true,"href":"https:\/\/www.federacaopaulistadefutsal.com.br\/novo\/wp-json\/wp\/v2\/comments?post=8827"}],"version-history":[{"count":0,"href":"https:\/\/www.federacaopaulistadefutsal.com.br\/novo\/wp-json\/wp\/v2\/posts\/8827\/revisions"}],"wp:featuredmedia":[{"embeddable":true,"href":"https:\/\/www.federacaopaulistadefutsal.com.br\/novo\/wp-json\/"}],"wp:attachment":[{"href":"https:\/\/www.federacaopaulistadefutsal.com.br\/novo\/wp-json\/wp\/v2\/media?parent=8827"}],"wp:term":[{"taxonomy":"category","embeddable":true,"href":"https:\/\/www.federacaopaulistadefutsal.com.br\/novo\/wp-json\/wp\/v2\/categories?post=8827"},{"taxonomy":"post_tag","embeddable":true,"href":"https:\/\/www.federacaopaulistadefutsal.com.br\/novo\/wp-json\/wp\/v2\/tags?post=8827"}],"curies":[{"name":"wp","href":"https:\/\/api.w.org\/{rel}","templated":true}]}}