{"id":8838,"date":"2016-02-05T22:00:52","date_gmt":"2016-02-05T22:00:52","guid":{"rendered":"http:\/\/www.federacaopaulistadefutsal.com.br\/?p=8838"},"modified":"2016-02-05T22:00:52","modified_gmt":"2016-02-05T22:00:52","slug":"com-passagens-pelo-futsal-paulista-ala-brasileiro-fala-sobre-experiencia-no-japao","status":"publish","type":"post","link":"https:\/\/www.federacaopaulistadefutsal.com.br\/novo\/com-passagens-pelo-futsal-paulista-ala-brasileiro-fala-sobre-experiencia-no-japao\/","title":{"rendered":"Com passagens pelo futsal paulista, ala brasileiro fala sobre experi\u00eancia no Jap\u00e3o"},"content":{"rendered":"<p>&nbsp;<br \/>\nCom passagens por equipes do futsal paulista como A.A.B.B., Corinthians, S\u00e3o Caetano e, mais recentemente, S\u00e3o Jos\u00e9, o ala Vin\u00edcius Crepaldi tem se destacado no esporte das quadras mas, desta vez, no Jap\u00e3o. O jogador, que atualmente veste a camisa do Shriker Osaka, time japon\u00eas, falou sobre suas experi\u00eancias nas quatro linhas na &#8220;Terra do sol nascente&#8221; e, tamb\u00e9m, nos clubes de S\u00e3o Paulo. Confira!<br \/>\n<strong>&#8220;Tive duas passagens pelo Corinthians: a primeira foi no sub-17, quando joguei um ano e tive a oportunidade de ficar seis meses com o time principal. E a outra passagem foi no \u00faltimo ano do juvenil. Foi muito boa, conseguimos ser campe\u00e3o metropolitano, cheguei a defender a equipe adulta, fiz gols. E tive a oportunidade de permanecer no time por mais seis meses, at\u00e9 a metade de 2008&#8221;,<\/strong> revelou o atleta em rela\u00e7\u00e3o aos tempos de Corinthians.<br \/>\nO &#8220;rodado&#8221; jogador do futsal paulista tamb\u00e9m jogou pelo\u00a0Benicarl\u00f3, da Espanha, pa\u00eds em que disputou a Liga Espanhola, competi\u00e7\u00e3o considerada uma das mais dif\u00edceis do mundo pela modalidade. <strong>&#8220;Culturalmente falando, foi uma boa experi\u00eancia. Mas, profissionalmente, n\u00e3o foi aquilo que eu esperava. O time passou por dificuldades financeiras durante a temporada, ficamos sem receber por alguns meses, e isso afeta no desempenho. A diretoria n\u00e3o conseguiu cumprir aquilo que prometeu. Mesmo assim, aprendi muito l\u00e1 e conseguimos permanecer na primeira divis\u00e3o&#8221;,<\/strong> disse Crepaldi sobre a experi\u00eancia na equipe da Europa.<br \/>\nPelo S\u00e3o Jos\u00e9 Futsal, o ala conquistou os Jogos Abertos Regionais e os Jogos Abertos do Interior, e se recorda, com carinho, n\u00e3o apenas de sua passagem pelo clube joseense, mas de\u00a0gol que marcou em decis\u00e3o de t\u00edtulo pela equipe do Vale do Para\u00edba: <strong>&#8220;Sempre vou ser grato aos dois (Ivan Gomes e Firma), me ajudaram no momento dif\u00edcil da carreira. Fui muito feliz no clube. E me lembro de um gol importante. Na final dos Jogos Abertos, est\u00e1vamos perdendo para o Suzano por 2 a 1, faltavam poucos minutos para acabar a partida. A\u00ed, eu fiz o gol do empate e conseguimos ser campe\u00f5es na prorroga\u00e7\u00e3o. Momento que marca bastante&#8221;,\u00a0<\/strong>declarou o jogador.<br \/>\nH\u00e1 mais de quatro temporadas no Jap\u00e3o, onde disputa a Liga Nacional do pa\u00eds e, recentemente, chegou a\u00a0100 gols, recebendo pr\u00eamio por tal feito, Vin\u00edcius revelou o seguinte em rela\u00e7\u00e3o \u00e0 marca nas quatro linhas: <strong>&#8220;Foi na quarta temporada pelo time. Fico feliz e honrado em ter feito esse n\u00famero de gols. Expressivo e que deixa o meu nome na hist\u00f3ria da modalidade no pa\u00eds. Espero que as pessoas lembrem desse recorde que bati t\u00e3o rapidamente. Quem faz gol \u00e9 muito valorizado, ent\u00e3o a import\u00e2ncia \u00e9 enorme&#8221;,\u00a0<\/strong>disse o ala.<br \/>\n<strong>&#8220;Adapta\u00e7\u00e3o foi muito boa. \u00c9 um pa\u00eds completamente diferente. Estilo de vida das pessoas, organiza\u00e7\u00e3o, senso de cidadania. S\u00e3o muito pontuais, educados. Sempre vejo ruas e pra\u00e7as limpas. E o principal aqui \u00e9 a seguran\u00e7a. Dificilmente voc\u00ea v\u00ea roubos ou assassinatos. Posso andar na rua tranquilo, sem medo. E no Brasil, n\u00e3o, \u00e9 totalmente o contr\u00e1rio&#8221;,<\/strong> completou sobre a adapta\u00e7\u00e3o no Jap\u00e3o e, tamb\u00e9m, a respeito das diferen\u00e7as que v\u00ea entre o pa\u00eds e o Brasil.<br \/>\n<strong>&#8220;Foi dif\u00edcil a parte da l\u00edngua. A equipe tinha t\u00e9cnico brasileiro, ent\u00e3o havia um tradutor que nos ajudava, orientava. Mas n\u00e3o era sempre que ele ficava ao meu lado. Ent\u00e3o, tive que aprender na marra, a falar com os companheiros, pesquisar pela internet. Foi uma parte complicada. Mas hoje j\u00e1 consigo resolver alguns problemas sozinho, ainda cometo deslizes, erros, mas isso \u00e9 normal. Estou buscando a perfei\u00e7\u00e3o&#8221;,<\/strong> falou Vin\u00edcius em rela\u00e7\u00e3o \u00e0s dificuldades encontradas no come\u00e7o de &#8220;Terra do sol nascente&#8221;. <strong>&#8220;Eu n\u00e3o fecho as portas para o futsal brasileiro, est\u00e1 evoluindo, tem bons times, mas a princ\u00edpio quero permanecer aqui no Jap\u00e3o. Tive o meu contrato renovado, estou feliz, e quero alcan\u00e7ar meus objetivos e escrever mais hist\u00f3rias neste time, que me acolheu t\u00e3o bem&#8221;,\u00a0<\/strong>finalizou o jogador que, feliz no Jap\u00e3o, pretende continuar escrevendo sua hist\u00f3ria nas quadras do futsal asi\u00e1tico.<br \/>\n&nbsp;<br \/>\nPor Assessoria FPFS<br \/>\nCom informa\u00e7\u00f5es: Globo Esporte<br \/>\nFoto: Divulga\u00e7\u00e3o\/ Arquivo pessoal (Vin\u00edcius Crepaldi)<br \/>\n&nbsp;<br \/>\n&nbsp;<br \/>\n&nbsp;<\/p>\n","protected":false},"excerpt":{"rendered":"<p>&nbsp; Com passagens por equipes do futsal paulista como A.A.B.B., Corinthians, S\u00e3o Caetano e, mais recentemente, S\u00e3o Jos\u00e9, o ala<\/p>\n","protected":false},"author":1,"featured_media":8839,"comment_status":"closed","ping_status":"open","sticky":false,"template":"","format":"standard","meta":{"footnotes":""},"categories":[32],"tags":[48,104,190,284,424,734,748,827,940,1389,1409,1835,2189,2198,2322,2593],"class_list":["post-8838","post","type-post","status-publish","format-standard","has-post-thumbnail","hentry","category-maiores","tag-100-gols","tag-a-a-b-b","tag-ala","tag-asia","tag-brasileiro","tag-corinthians","tag-crepaldi","tag-destaque","tag-entrevista","tag-japao","tag-jogador","tag-paulista","tag-sao-caetano","tag-sao-jose","tag-sonora","tag-vinicius"],"_links":{"self":[{"href":"https:\/\/www.federacaopaulistadefutsal.com.br\/novo\/wp-json\/wp\/v2\/posts\/8838","targetHints":{"allow":["GET"]}}],"collection":[{"href":"https:\/\/www.federacaopaulistadefutsal.com.br\/novo\/wp-json\/wp\/v2\/posts"}],"about":[{"href":"https:\/\/www.federacaopaulistadefutsal.com.br\/novo\/wp-json\/wp\/v2\/types\/post"}],"author":[{"embeddable":true,"href":"https:\/\/www.federacaopaulistadefutsal.com.br\/novo\/wp-json\/wp\/v2\/users\/1"}],"replies":[{"embeddable":true,"href":"https:\/\/www.federacaopaulistadefutsal.com.br\/novo\/wp-json\/wp\/v2\/comments?post=8838"}],"version-history":[{"count":0,"href":"https:\/\/www.federacaopaulistadefutsal.com.br\/novo\/wp-json\/wp\/v2\/posts\/8838\/revisions"}],"wp:featuredmedia":[{"embeddable":true,"href":"https:\/\/www.federacaopaulistadefutsal.com.br\/novo\/wp-json\/"}],"wp:attachment":[{"href":"https:\/\/www.federacaopaulistadefutsal.com.br\/novo\/wp-json\/wp\/v2\/media?parent=8838"}],"wp:term":[{"taxonomy":"category","embeddable":true,"href":"https:\/\/www.federacaopaulistadefutsal.com.br\/novo\/wp-json\/wp\/v2\/categories?post=8838"},{"taxonomy":"post_tag","embeddable":true,"href":"https:\/\/www.federacaopaulistadefutsal.com.br\/novo\/wp-json\/wp\/v2\/tags?post=8838"}],"curies":[{"name":"wp","href":"https:\/\/api.w.org\/{rel}","templated":true}]}}