{"id":8856,"date":"2016-02-10T10:19:30","date_gmt":"2016-02-10T10:19:30","guid":{"rendered":"http:\/\/www.federacaopaulistadefutsal.com.br\/?p=8856"},"modified":"2016-02-10T10:19:30","modified_gmt":"2016-02-10T10:19:30","slug":"apos-peneiras-willer-fernandes-aprova-novos-reforcos-do-gremio-mogiano","status":"publish","type":"post","link":"https:\/\/www.federacaopaulistadefutsal.com.br\/novo\/apos-peneiras-willer-fernandes-aprova-novos-reforcos-do-gremio-mogiano\/","title":{"rendered":"Ap\u00f3s peneiras, Willer Fernandes aprova novos refor\u00e7os do Gr\u00eamio Mogiano"},"content":{"rendered":"<p>&nbsp;<br \/>\nNa \u00faltima segunda-feira (08), ap\u00f3s peneiras no gin\u00e1sio Presidente Ciro II, da Federa\u00e7\u00e3o Paulista de Futsal (FPFS), em S\u00e3o Paulo-SP, o torcedor do Gr\u00eamio Mogiano conheceu os novos refor\u00e7os da equipe para a temporada. Para Willer Fernandes, recentemente contratado como t\u00e9cnico do time de Mogi das Cruzes-SP, os jogadores selecionados s\u00e3o habilidosos e podem fazer a diferen\u00e7a no elenco do time paulista. Confira as palavras do treinador!<br \/>\n<strong>&#8220;Esses que n\u00f3s contratamos s\u00e3o bons jogadores,\u00a0s\u00e3o atletas que j\u00e1 disputaram a Liga Paulista, ent\u00e3o n\u00f3s n\u00e3o vamos ter preocupa\u00e7\u00e3o em rela\u00e7\u00e3o \u00e0 falta de experi\u00eancia. Ainda s\u00e3o poucos. Com o dinheiro que temos, vamos ver quantos mais conseguimos trazer. Vamos ter uma ideia das expectativas para a temporada quando tivermos com 90% do elenco confirmado&#8221;,\u00a0<\/strong>declarou Fernandes.<br \/>\nA comiss\u00e3o t\u00e9cnica do Gr\u00eamio Mogiano promoveu\u00a0os seguintes atletas \u00e0 equipe principal: o ala Bid, o ala Juninho, que tamb\u00e9m atua como fixo nas quatro linhas, os piv\u00f4s Japa e Luiz &#8220;Neg\u00e3o&#8221; <strong>(foto)<\/strong>, e Rodrigo, que joga como fixo. Os aprovados, para serem selecionados ao elenco mogiano, realizaram seletivas\u00a0com mais de cem atletas.<br \/>\n<a href=\"http:\/\/www.federacaopaulistadefutsal.com.br\/wp-content\/uploads\/2016\/02\/Negaoo.jpg\" rel=\"attachment wp-att-8857\"><img fetchpriority=\"high\" decoding=\"async\" class=\"aligncenter size-full wp-image-8857\" src=\"http:\/\/www.federacaopaulistadefutsal.com.br\/wp-content\/uploads\/2016\/02\/Negaoo.jpg\" alt=\"Negaoo\" width=\"540\" height=\"370\" \/><\/a><br \/>\nEm rela\u00e7\u00e3o \u00e0s peneiras, o t\u00e9cnico disse: <strong>&#8220;Todos que participaram da seletiva t\u00eam uma no\u00e7\u00e3o de futsal, mas at\u00e9 voc\u00ea colocar para disputar um torneio como a Liga Paulista \u00e9 dif\u00edcil. Muitos que foram tamb\u00e9m eram jogadores que eu j\u00e1 conhecia e que pedi para irem l\u00e1&#8221;,\u00a0<\/strong>finalizou Willer.<br \/>\n&nbsp;<br \/>\nPor Assessoria FPFS<br \/>\nCom informa\u00e7\u00f5es: Futsal em Pauta<br \/>\nFoto:\u00a0Reprodu\u00e7\u00e3o\/Liga Paulista de Futsal (LPF)<br \/>\n&nbsp;<\/p>\n","protected":false},"excerpt":{"rendered":"<p>&nbsp; Na \u00faltima segunda-feira (08), ap\u00f3s peneiras no gin\u00e1sio Presidente Ciro II, da Federa\u00e7\u00e3o Paulista de Futsal (FPFS), em S\u00e3o<\/p>\n","protected":false},"author":1,"featured_media":8809,"comment_status":"closed","ping_status":"open","sticky":false,"template":"","format":"standard","meta":{"footnotes":""},"categories":[32],"tags":[74,310,911,954,1048,1413,43,1978,2249,2252,2422,2430,2485,2617],"class_list":["post-8856","post","type-post","status-publish","format-standard","has-post-thumbnail","hentry","category-maiores","tag-74","tag-atletas","tag-elenco","tag-escolhidos","tag-fernandes","tag-jogadores","tag-peneiras","tag-principal","tag-selecionados","tag-seletivas","tag-tecnico","tag-temporada","tag-treinador","tag-willer"],"_links":{"self":[{"href":"https:\/\/www.federacaopaulistadefutsal.com.br\/novo\/wp-json\/wp\/v2\/posts\/8856","targetHints":{"allow":["GET"]}}],"collection":[{"href":"https:\/\/www.federacaopaulistadefutsal.com.br\/novo\/wp-json\/wp\/v2\/posts"}],"about":[{"href":"https:\/\/www.federacaopaulistadefutsal.com.br\/novo\/wp-json\/wp\/v2\/types\/post"}],"author":[{"embeddable":true,"href":"https:\/\/www.federacaopaulistadefutsal.com.br\/novo\/wp-json\/wp\/v2\/users\/1"}],"replies":[{"embeddable":true,"href":"https:\/\/www.federacaopaulistadefutsal.com.br\/novo\/wp-json\/wp\/v2\/comments?post=8856"}],"version-history":[{"count":0,"href":"https:\/\/www.federacaopaulistadefutsal.com.br\/novo\/wp-json\/wp\/v2\/posts\/8856\/revisions"}],"wp:featuredmedia":[{"embeddable":true,"href":"https:\/\/www.federacaopaulistadefutsal.com.br\/novo\/wp-json\/"}],"wp:attachment":[{"href":"https:\/\/www.federacaopaulistadefutsal.com.br\/novo\/wp-json\/wp\/v2\/media?parent=8856"}],"wp:term":[{"taxonomy":"category","embeddable":true,"href":"https:\/\/www.federacaopaulistadefutsal.com.br\/novo\/wp-json\/wp\/v2\/categories?post=8856"},{"taxonomy":"post_tag","embeddable":true,"href":"https:\/\/www.federacaopaulistadefutsal.com.br\/novo\/wp-json\/wp\/v2\/tags?post=8856"}],"curies":[{"name":"wp","href":"https:\/\/api.w.org\/{rel}","templated":true}]}}