{"id":8887,"date":"2016-02-11T15:25:35","date_gmt":"2016-02-11T15:25:35","guid":{"rendered":"http:\/\/www.federacaopaulistadefutsal.com.br\/?p=8887"},"modified":"2016-02-11T15:25:35","modified_gmt":"2016-02-11T15:25:35","slug":"visando-reforcar-equipes-sao-caetano-futsal-realiza-peneiras-para-atletas-menores-e-maiores","status":"publish","type":"post","link":"https:\/\/www.federacaopaulistadefutsal.com.br\/novo\/visando-reforcar-equipes-sao-caetano-futsal-realiza-peneiras-para-atletas-menores-e-maiores\/","title":{"rendered":"Visando refor\u00e7ar equipes, S\u00e3o Caetano Futsal realiza peneiras para atletas menores e maiores"},"content":{"rendered":"<p>&nbsp;<br \/>\nVisando refor\u00e7ar suas equipes para\u00a0a temporada, o S\u00e3o Caetano Futsal\u00a0realiza peneiras para atletas das categorias sub-10, 12, 14, 16, 17 e 20\u00a0(nascidos de 1996 a 2007). Os testes est\u00e3o marcados para acontecerem a partir da pr\u00f3xima sexta-feira (12), no ABC paulista. Confira!<br \/>\n<strong>Datas e hor\u00e1rios das peneiras: \u00a0<\/strong><br \/>\n<strong>Sub-10 &#8211;\u00a0<\/strong>Nascidos em 2006 e 2007 &#8211; 12 e 16\/02 &#8211; a partir das 19h00.<br \/>\n<strong>Sub-12 &#8211;\u00a0<\/strong>Nascidos em 2004 e 2005 &#8211; 12\/02 &#8211; a partir das 21h00.<br \/>\n<strong>Sub-14 &#8211;\u00a0<\/strong>Nascidos em 2002 e 2003 &#8211; 16\/02 &#8211; a partir das 21h00.<br \/>\n<strong>Sub-16 &#8211;\u00a0<\/strong>Nascidos em 2000 e 2001\u00a0&#8211; 17 e 19\/02 &#8211; a partir das 20h30.<br \/>\n<strong>Sub-17 &#8211;\u00a0<\/strong>Nascidos em 1999\u00a0&#8211; 17\u00a0e 19\/02 &#8211; a partir das 18h30.<br \/>\n<strong>Sub-20 &#8211;\u00a0<\/strong>Nascidos em 1996, 1997 e 1998\u00a0&#8211; 12\/02 &#8211; 10h00 (1996), 14h00 (1997) e 16h00 (1998).<br \/>\n<strong>Endere\u00e7o das peneiras: \u00a0<\/strong><br \/>\nComplexo Poliesportivo Joaquim Camba\u00fava Rabello (Idalina) &#8211; Rua Capeberibe, 265, S\u00e3o Caetano do Sul-SP.<br \/>\n<strong>OBSERVA\u00c7\u00c3O! &#8211;<\/strong>\u00a0Para os atletas interessados em participar das peneiras, devem se inscrever na p\u00e1gina oficial do clube, informando suas respectivas categorias em quadra. Endere\u00e7o web:\u00a0<strong>https:\/\/www.facebook.com\/scaetanofutsal?fref=ts<\/strong><br \/>\n<strong>IMPORTANTE!<\/strong> &#8211; Para a realiza\u00e7\u00e3o dos testes, os atletas devem levar documenta\u00e7\u00e3o (R.G) e comparecer trajados de uniforme e material esportivo para a pr\u00e1tica do futsal.<br \/>\n&nbsp;<br \/>\nPor Assessoria FPFS<br \/>\nCom informa\u00e7\u00f5es:\u00a0S\u00e3o Caetano Futsal\/Futsal em Pauta<br \/>\n&nbsp;<\/p>\n","protected":false},"excerpt":{"rendered":"<p>&nbsp; Visando refor\u00e7ar suas equipes para\u00a0a temporada, o S\u00e3o Caetano Futsal\u00a0realiza peneiras para atletas das categorias sub-10, 12, 14, 16,<\/p>\n","protected":false},"author":1,"featured_media":8786,"comment_status":"closed","ping_status":"open","sticky":false,"template":"","format":"standard","meta":{"footnotes":""},"categories":[25,32,33],"tags":[138,551,948,1575,1643,43,2061,2189,2252,2449,2596],"class_list":["post-8887","post","type-post","status-publish","format-standard","has-post-thumbnail","hentry","category-destaques","category-maiores","category-menores","tag-abc-paulista","tag-categorias","tag-equipes","tag-maiores","tag-menores-2","tag-peneiras","tag-reforcar","tag-sao-caetano","tag-seletivas","tag-testes","tag-visando"],"_links":{"self":[{"href":"https:\/\/www.federacaopaulistadefutsal.com.br\/novo\/wp-json\/wp\/v2\/posts\/8887","targetHints":{"allow":["GET"]}}],"collection":[{"href":"https:\/\/www.federacaopaulistadefutsal.com.br\/novo\/wp-json\/wp\/v2\/posts"}],"about":[{"href":"https:\/\/www.federacaopaulistadefutsal.com.br\/novo\/wp-json\/wp\/v2\/types\/post"}],"author":[{"embeddable":true,"href":"https:\/\/www.federacaopaulistadefutsal.com.br\/novo\/wp-json\/wp\/v2\/users\/1"}],"replies":[{"embeddable":true,"href":"https:\/\/www.federacaopaulistadefutsal.com.br\/novo\/wp-json\/wp\/v2\/comments?post=8887"}],"version-history":[{"count":0,"href":"https:\/\/www.federacaopaulistadefutsal.com.br\/novo\/wp-json\/wp\/v2\/posts\/8887\/revisions"}],"wp:featuredmedia":[{"embeddable":true,"href":"https:\/\/www.federacaopaulistadefutsal.com.br\/novo\/wp-json\/"}],"wp:attachment":[{"href":"https:\/\/www.federacaopaulistadefutsal.com.br\/novo\/wp-json\/wp\/v2\/media?parent=8887"}],"wp:term":[{"taxonomy":"category","embeddable":true,"href":"https:\/\/www.federacaopaulistadefutsal.com.br\/novo\/wp-json\/wp\/v2\/categories?post=8887"},{"taxonomy":"post_tag","embeddable":true,"href":"https:\/\/www.federacaopaulistadefutsal.com.br\/novo\/wp-json\/wp\/v2\/tags?post=8887"}],"curies":[{"name":"wp","href":"https:\/\/api.w.org\/{rel}","templated":true}]}}