{"id":8912,"date":"2016-02-12T11:45:59","date_gmt":"2016-02-12T11:45:59","guid":{"rendered":"http:\/\/www.federacaopaulistadefutsal.com.br\/?p=8912"},"modified":"2016-02-12T11:45:59","modified_gmt":"2016-02-12T11:45:59","slug":"apos-cancelamento-da-cataratas-orlandia-deve-jogar-partidas-amistosas","status":"publish","type":"post","link":"https:\/\/www.federacaopaulistadefutsal.com.br\/novo\/apos-cancelamento-da-cataratas-orlandia-deve-jogar-partidas-amistosas\/","title":{"rendered":"Ap\u00f3s cancelamento da Cataratas, Orl\u00e2ndia deve jogar partidas amistosas"},"content":{"rendered":"<p>&nbsp;<br \/>\nA organiza\u00e7\u00e3o da Copa Cataratas, torneio que seria disputado pela ADC Intelli\/Orl\u00e2ndia, do t\u00e9cnico Cid\u00e3o, informou, na \u00faltima quinta-feira (11), que a competi\u00e7\u00e3o n\u00e3o ser\u00e1 iniciada. Segundo os organizadores, por causa da desist\u00eancia de algumas equipes, que disputar\u00e3o, tamb\u00e9m, a Ta\u00e7a Brasil de Futsal, n\u00e3o ser\u00e1 poss\u00edvel realizar o campeonato, e, agora, o time orlandino deve marcar amistosos para dar continuidade \u00e0 sua pr\u00e9-temporada.<br \/>\nAinda em rela\u00e7\u00e3o \u00e0 competi\u00e7\u00e3o, participariam, al\u00e9m da Intelli, os seguintes clubes: Foz Cataratas, Copagril e Joinville. Agora, a diretoria do Orl\u00e2ndia, da equipe gren\u00e1 do ala Cabre\u00fava, est\u00e1 se movimentando nos bastidores para marcar confrontos ao\u00a0time do interior paulista; os jogos, provavelmente, acontecer\u00e3o no final de fevereiro.<br \/>\n<strong>Orl\u00e2ndia vers\u00e3o 2016\u00a0<\/strong><br \/>\nPara a atual temporada, os dirigentes\u00a0orlandinos mantiveram no elenco: Du, Diego, Renan, Jackson, Felipe, Kaue, Cabre\u00fava, Gadeia, Douglas, Dieguinho e Thiago. J\u00e1 Deivd, Carlos, Thiago Soares, Ci\u00e7o, Renan Fuzo, Guina, Weliton, Matheus BH, Matheus Ga\u00facho e Gabriel n\u00e3o renovaram contrato com a Intelli; Gian, ex-Carlos Barbosa-RS, Lucas Rozenski, ex-Marechal Rondon-PR, Edson, ex-Lajeado, e Elisandro, ex-Corinthians, refor\u00e7am o Orl\u00e2ndia em 2016.<br \/>\n&nbsp;<br \/>\nPor Assessoria FPFS<br \/>\nCom informa\u00e7\u00f5es: Carlos Silva\/ADC Intelli<br \/>\nFoto: Divulga\u00e7\u00e3o\/ ADC Intelli\/Orl\u00e2ndia<\/p>\n","protected":false},"excerpt":{"rendered":"<p>&nbsp; A organiza\u00e7\u00e3o da Copa Cataratas, torneio que seria disputado pela ADC Intelli\/Orl\u00e2ndia, do t\u00e9cnico Cid\u00e3o, informou, na \u00faltima quinta-feira<\/p>\n","protected":false},"author":1,"featured_media":8914,"comment_status":"closed","ping_status":"open","sticky":false,"template":"","format":"standard","meta":{"footnotes":""},"categories":[29,33],"tags":[74,219,447,502,595,648,706,1323,1588,1789,1791,1937,1948,2430,2489],"class_list":["post-8912","post","type-post","status-publish","format-standard","has-post-thumbnail","hentry","category-interior","category-menores","tag-74","tag-amistosos","tag-cabreuva","tag-cancelamento","tag-cidao","tag-competicao","tag-copa-cataratas","tag-intelli","tag-marcar","tag-orlandia","tag-orlandinos","tag-pre-temporada","tag-preparacao","tag-temporada","tag-treinamentos"],"_links":{"self":[{"href":"https:\/\/www.federacaopaulistadefutsal.com.br\/novo\/wp-json\/wp\/v2\/posts\/8912","targetHints":{"allow":["GET"]}}],"collection":[{"href":"https:\/\/www.federacaopaulistadefutsal.com.br\/novo\/wp-json\/wp\/v2\/posts"}],"about":[{"href":"https:\/\/www.federacaopaulistadefutsal.com.br\/novo\/wp-json\/wp\/v2\/types\/post"}],"author":[{"embeddable":true,"href":"https:\/\/www.federacaopaulistadefutsal.com.br\/novo\/wp-json\/wp\/v2\/users\/1"}],"replies":[{"embeddable":true,"href":"https:\/\/www.federacaopaulistadefutsal.com.br\/novo\/wp-json\/wp\/v2\/comments?post=8912"}],"version-history":[{"count":0,"href":"https:\/\/www.federacaopaulistadefutsal.com.br\/novo\/wp-json\/wp\/v2\/posts\/8912\/revisions"}],"wp:featuredmedia":[{"embeddable":true,"href":"https:\/\/www.federacaopaulistadefutsal.com.br\/novo\/wp-json\/"}],"wp:attachment":[{"href":"https:\/\/www.federacaopaulistadefutsal.com.br\/novo\/wp-json\/wp\/v2\/media?parent=8912"}],"wp:term":[{"taxonomy":"category","embeddable":true,"href":"https:\/\/www.federacaopaulistadefutsal.com.br\/novo\/wp-json\/wp\/v2\/categories?post=8912"},{"taxonomy":"post_tag","embeddable":true,"href":"https:\/\/www.federacaopaulistadefutsal.com.br\/novo\/wp-json\/wp\/v2\/tags?post=8912"}],"curies":[{"name":"wp","href":"https:\/\/api.w.org\/{rel}","templated":true}]}}