{"id":8937,"date":"2016-02-13T13:36:58","date_gmt":"2016-02-13T13:36:58","guid":{"rendered":"http:\/\/www.federacaopaulistadefutsal.com.br\/?p=8937"},"modified":"2016-02-13T13:36:58","modified_gmt":"2016-02-13T13:36:58","slug":"selecao-goleia-uruguai-avanca-a-final-e-garante-vaga-na-copa-do-mundo","status":"publish","type":"post","link":"https:\/\/www.federacaopaulistadefutsal.com.br\/novo\/selecao-goleia-uruguai-avanca-a-final-e-garante-vaga-na-copa-do-mundo\/","title":{"rendered":"Sele\u00e7\u00e3o goleia Uruguai, avan\u00e7a \u00e0 final e garante vaga na Copa do Mundo"},"content":{"rendered":"<p>&nbsp;<br \/>\nNa \u00faltima sexta-feira (12), a Sele\u00e7\u00e3o Brasileira de Futsal encarou o Uruguai pela\u00a0semifinal das Eliminat\u00f3rias da Copa do Mundo 2016. O time brasileiro venceu o uruguaio por goleada de 4 a 1, avan\u00e7ou \u00e0 decis\u00e3o e, com o resultado, garantiu vaga na pr\u00f3xima edi\u00e7\u00e3o do Mundial, que vai acontecer no m\u00eas de setembro, na Col\u00f4mbia.<br \/>\nPor conta de pressionar constantemente o rival sul-americano, atacando e finalizando \u00e0 meta advers\u00e1ria, o Brasil conseguiu a vit\u00f3ria com certa facilidade, e a goleada veio, mais uma para a equipe canarinho, comandada pelo t\u00e9cnico Serginho Schiochet. Os gols da amarelinha foram marcados por Fernandinho, Rato, Bateria e, por fim, Marc\u00eanio; Ordoqui diminuiu para a Celeste, em cobran\u00e7a de tiro-livre direto.<br \/>\nAgora, a Sele\u00e7\u00e3o Brasileira de Futsal vai encarar, na grande final das Eliminat\u00f3rias, a Argentina, que venceu o Paraguai na semi, nos p\u00eanaltis, e tamb\u00e9m disputar\u00e1 a Copa do Mundo. O cl\u00e1ssico contra os argentinos est\u00e1 marcado para acontecer neste s\u00e1bado (13), a partir das 23h30, em Assun\u00e7\u00e3o, capital do Paraguai.<br \/>\n&nbsp;<br \/>\nPor Assessoria FPFS<br \/>\nCom informa\u00e7\u00f5es: CBFS<br \/>\nFoto: Divulga\u00e7\u00e3o\/ Luis Domingues\/CBFS<br \/>\n&nbsp;<br \/>\n&nbsp;<\/p>\n","protected":false},"excerpt":{"rendered":"<p>&nbsp; Na \u00faltima sexta-feira (12), a Sele\u00e7\u00e3o Brasileira de Futsal encarou o Uruguai pela\u00a0semifinal das Eliminat\u00f3rias da Copa do Mundo<\/p>\n","protected":false},"author":1,"featured_media":8938,"comment_status":"closed","ping_status":"open","sticky":false,"template":"","format":"standard","meta":{"footnotes":""},"categories":[25,35],"tags":[266,419,425,710,785,917,1169,1201,1702,2017,2239,2264,2540,2545],"class_list":["post-8937","post","type-post","status-publish","format-standard","has-post-thumbnail","hentry","category-destaques","category-selecao","tag-argentina","tag-brasil","tag-brasileiros","tag-copa-do-mundo","tag-decisao","tag-eliminatorias","tag-garantiu","tag-goleada","tag-mundial","tag-quatro","tag-selecao","tag-semifinal","tag-uruguai","tag-vaga"],"_links":{"self":[{"href":"https:\/\/www.federacaopaulistadefutsal.com.br\/novo\/wp-json\/wp\/v2\/posts\/8937","targetHints":{"allow":["GET"]}}],"collection":[{"href":"https:\/\/www.federacaopaulistadefutsal.com.br\/novo\/wp-json\/wp\/v2\/posts"}],"about":[{"href":"https:\/\/www.federacaopaulistadefutsal.com.br\/novo\/wp-json\/wp\/v2\/types\/post"}],"author":[{"embeddable":true,"href":"https:\/\/www.federacaopaulistadefutsal.com.br\/novo\/wp-json\/wp\/v2\/users\/1"}],"replies":[{"embeddable":true,"href":"https:\/\/www.federacaopaulistadefutsal.com.br\/novo\/wp-json\/wp\/v2\/comments?post=8937"}],"version-history":[{"count":0,"href":"https:\/\/www.federacaopaulistadefutsal.com.br\/novo\/wp-json\/wp\/v2\/posts\/8937\/revisions"}],"wp:featuredmedia":[{"embeddable":true,"href":"https:\/\/www.federacaopaulistadefutsal.com.br\/novo\/wp-json\/"}],"wp:attachment":[{"href":"https:\/\/www.federacaopaulistadefutsal.com.br\/novo\/wp-json\/wp\/v2\/media?parent=8937"}],"wp:term":[{"taxonomy":"category","embeddable":true,"href":"https:\/\/www.federacaopaulistadefutsal.com.br\/novo\/wp-json\/wp\/v2\/categories?post=8937"},{"taxonomy":"post_tag","embeddable":true,"href":"https:\/\/www.federacaopaulistadefutsal.com.br\/novo\/wp-json\/wp\/v2\/tags?post=8937"}],"curies":[{"name":"wp","href":"https:\/\/api.w.org\/{rel}","templated":true}]}}