{"id":8977,"date":"2016-02-15T22:00:49","date_gmt":"2016-02-15T22:00:49","guid":{"rendered":"http:\/\/www.federacaopaulistadefutsal.com.br\/?p=8977"},"modified":"2016-02-15T22:00:49","modified_gmt":"2016-02-15T22:00:49","slug":"fixo-do-orlandia-venancio-relembra-momentos-com-idolo-fininho","status":"publish","type":"post","link":"https:\/\/www.federacaopaulistadefutsal.com.br\/novo\/fixo-do-orlandia-venancio-relembra-momentos-com-idolo-fininho\/","title":{"rendered":"Fixo do Orl\u00e2ndia, Ven\u00e2ncio relembra momentos com \u00eddolo Fininho"},"content":{"rendered":"<p>&nbsp;<br \/>\nNatural de Carlos Barbosa, munic\u00edpio do Rio Grande do Sul e que possui o atual campe\u00e3o da Liga Nacional de Futsal (LNF), o fixo Ven\u00e2ncio, da ADC Intelli\/Orl\u00e2ndia, \u00e9 uma das principais novidades do time orlandino para a temporada. O jogador falou sobre seu grande \u00eddolo nas quadras, o ex-ala Fininho. Confira!<br \/>\nNa \u00e9poca de garoto, ao 11 anos, o atleta da Intelli teve o privil\u00e9gio de conhecer sua inspira\u00e7\u00e3o nas quatro linhas, atrav\u00e9s de caronas para os treinos na ACBF, pela categoria mirim. <strong>&#8220;O Fininho oferecia carona para os meninos da base. O problema \u00e9 que eu era o \u00fanico que morava na regi\u00e3o oposta ao centro da cidade, que era o destino dele, mas, para entrar na caminhonete do \u00eddolo, at\u00e9 a caminhada de tr\u00eas quil\u00f4metros valia a pena&#8221;,<\/strong> revelou o fixo.<br \/>\nCampe\u00e3o da Liga Futsal com a ACBF no ano passado, Ven\u00e2ncio declarou sua admira\u00e7\u00e3o pelo \u00eddolo atrav\u00e9s das seguintes palavras: <strong>&#8220;O Fininho sempre ia a missa e quem disse que eu prestava aten\u00e7\u00e3o na celebra\u00e7\u00e3o? N\u00e3o desgrudava o olho do &#8220;homem&#8221;, n\u00e3o tinha coragem de falar com ele, tinha muita vergonha, mas o admirava demais &#8220;,\u00a0<\/strong>disse o camisa 5 do Orl\u00e2ndia.<br \/>\nTodos tem um \u00eddolo e, provavelmente, \u00e9 muito dif\u00edcil que, de fato, tenham a oportunidade de conhec\u00ea-lo\u00a0em algum momento. O tempo passou e, talvez, o ex-craque da Sele\u00e7\u00e3o Brasileira de Futsal, Fininho, n\u00e3o se recorde de tais hist\u00f3rias, mas, para o refor\u00e7o da Intelli, Ven\u00e2ncio, elas &#8220;ficar\u00e3o marcadas para sempre em sua mem\u00f3ria&#8221;.<br \/>\n&nbsp;<br \/>\nPor Assessoria FPFS<br \/>\nCom informa\u00e7\u00f5es: Carlos Silva\/ADC Intelli<br \/>\nFoto: Divulga\u00e7\u00e3o\/\u00a0Luan Amaral\/ADC Intelli<\/p>\n","protected":false},"excerpt":{"rendered":"<p>&nbsp; Natural de Carlos Barbosa, munic\u00edpio do Rio Grande do Sul e que possui o atual campe\u00e3o da Liga Nacional<\/p>\n","protected":false},"author":1,"featured_media":8978,"comment_status":"closed","ping_status":"open","sticky":false,"template":"","format":"standard","meta":{"footnotes":""},"categories":[32],"tags":[151,190,249,525,746,1079,1088,1280,1319,1323,1789,1791,2561],"class_list":["post-8977","post","type-post","status-publish","format-standard","has-post-thumbnail","hentry","category-maiores","tag-acbf","tag-ala","tag-apreciacao","tag-carlos-barbosa","tag-craque","tag-fininho","tag-fixo","tag-idolo","tag-inspiracao","tag-intelli","tag-orlandia","tag-orlandinos","tag-venancio"],"_links":{"self":[{"href":"https:\/\/www.federacaopaulistadefutsal.com.br\/novo\/wp-json\/wp\/v2\/posts\/8977","targetHints":{"allow":["GET"]}}],"collection":[{"href":"https:\/\/www.federacaopaulistadefutsal.com.br\/novo\/wp-json\/wp\/v2\/posts"}],"about":[{"href":"https:\/\/www.federacaopaulistadefutsal.com.br\/novo\/wp-json\/wp\/v2\/types\/post"}],"author":[{"embeddable":true,"href":"https:\/\/www.federacaopaulistadefutsal.com.br\/novo\/wp-json\/wp\/v2\/users\/1"}],"replies":[{"embeddable":true,"href":"https:\/\/www.federacaopaulistadefutsal.com.br\/novo\/wp-json\/wp\/v2\/comments?post=8977"}],"version-history":[{"count":0,"href":"https:\/\/www.federacaopaulistadefutsal.com.br\/novo\/wp-json\/wp\/v2\/posts\/8977\/revisions"}],"wp:featuredmedia":[{"embeddable":true,"href":"https:\/\/www.federacaopaulistadefutsal.com.br\/novo\/wp-json\/"}],"wp:attachment":[{"href":"https:\/\/www.federacaopaulistadefutsal.com.br\/novo\/wp-json\/wp\/v2\/media?parent=8977"}],"wp:term":[{"taxonomy":"category","embeddable":true,"href":"https:\/\/www.federacaopaulistadefutsal.com.br\/novo\/wp-json\/wp\/v2\/categories?post=8977"},{"taxonomy":"post_tag","embeddable":true,"href":"https:\/\/www.federacaopaulistadefutsal.com.br\/novo\/wp-json\/wp\/v2\/tags?post=8977"}],"curies":[{"name":"wp","href":"https:\/\/api.w.org\/{rel}","templated":true}]}}