{"id":8990,"date":"2016-02-16T15:57:33","date_gmt":"2016-02-16T15:57:33","guid":{"rendered":"http:\/\/www.federacaopaulistadefutsal.com.br\/?p=8990"},"modified":"2016-02-16T15:57:33","modified_gmt":"2016-02-16T15:57:33","slug":"preparador-fisico-comenta-sobre-pre-temporada-e-amistosos-do-corinthians","status":"publish","type":"post","link":"https:\/\/www.federacaopaulistadefutsal.com.br\/novo\/preparador-fisico-comenta-sobre-pre-temporada-e-amistosos-do-corinthians\/","title":{"rendered":"Preparador f\u00edsico comenta sobre pr\u00e9-temporada e amistosos do Corinthians"},"content":{"rendered":"<p>&nbsp;<br \/>\nVisando sua participa\u00e7\u00e3o na\u00a0Ta\u00e7a Brasil de Futsal, o Corinthians, comandado pelo t\u00e9cnico Fernando Ferretti, jogar\u00e1 partidas amistosas contra equipes de S\u00e3o Paulo. Preparador f\u00edsico do Tim\u00e3o, Juninho falou sobre os objetivos do clube paulista na pr\u00e9-temporada e, tamb\u00e9m, a respeito dos duelos nas quatro linhas. Confira!<br \/>\n<strong>&#8220;Na semana que se findou, foi um pouco at\u00edpica e necessitou tomar alguns cuidados. Os atletas foram liberados tr\u00eas dias para o Carnaval, mas receberam uma cartilha na qual constavam alguns treinamentos e orienta\u00e7\u00f5es. Tamb\u00e9m foram estabelecidas metas de composi\u00e7\u00e3o corporal para reapresenta\u00e7\u00e3o, a fim de n\u00e3o ocorrer exageros. Vale salutar que ocorreu um comprometimento dos atletas nesse per\u00edodo, refor\u00e7ando o comprometimento com o trabalho\u201d,<\/strong> revelou Juninho.<br \/>\nO preparador f\u00edsico garantiu que os jogadores reagiram bem \u00e0 semana de Carnaval e, por conta disso, puderam dar sequ\u00eancia aos treinamentos. <strong>&#8220;De um modo geral, a equipe se controlou no Carnaval e fechamos mais uma semana de treinamentos. Para estes pr\u00f3ximos sete dias, ser\u00e3o realizados tr\u00eas amistosos seguidos (quarta, quinta e sexta-feira). O intuito destes jogos \u00e9 de &#8216;simular&#8217; o sistema de disputa da Ta\u00e7a Brasil&#8221;,<\/strong> disse.<br \/>\nEm rela\u00e7\u00e3o aos amistosos contra rivais paulistas, Juninho declarou o seguinte:\u00a0<strong>&#8220;Nessa semana, o foco ser\u00e1 em nossos jogos preparat\u00f3rios. Como j\u00e1 realizamos uma boa quantidade de treinamentos, fizemos quest\u00e3o de realizar esses jogos na sequ\u00eancia, no intuito de aproximar o m\u00e1ximo poss\u00edvel de nossa realidade e verificar como a equipe e cada atleta responde nesse sistema de disputa&#8221;,<\/strong> finalizou.<br \/>\nO Corinthians vai encarar, a partir\u00a0pr\u00f3xima quarta-feira (17), as equipes de A.A.B.B., da capital, Pulo do Gato, de Campinas-SP, e A.D. Yoka, de Guaratinguet\u00e1-SP; todas elas disputar\u00e3o a pr\u00f3xima edi\u00e7\u00e3o da Liga Paulista de Futsal (LPF). Os amistosos est\u00e3o marcados para acontecem a partir das 16h00, no gin\u00e1sio do Parque S\u00e3o Jorge, em S\u00e3o Paulo-SP, sendo realizados, em mesmo hor\u00e1rio, na quinta (18) e sexta-feira (19).<br \/>\n&nbsp;<br \/>\nPor Assessoria FPFS<br \/>\nCom informa\u00e7\u00f5es: Futsal em Pauta<br \/>\nFoto: Divulga\u00e7\u00e3o\/Luccas Salles<br \/>\n&nbsp;<br \/>\n&nbsp;<br \/>\n&nbsp;<\/p>\n","protected":false},"excerpt":{"rendered":"<p>&nbsp; Visando sua participa\u00e7\u00e3o na\u00a0Ta\u00e7a Brasil de Futsal, o Corinthians, comandado pelo t\u00e9cnico Fernando Ferretti, jogar\u00e1 partidas amistosas contra equipes<\/p>\n","protected":false},"author":1,"featured_media":8991,"comment_status":"closed","ping_status":"open","sticky":false,"template":"","format":"standard","meta":{"footnotes":""},"categories":[32],"tags":[219,734,1424,1456,1937,1948,1953,2395,2457],"class_list":["post-8990","post","type-post","status-publish","format-standard","has-post-thumbnail","hentry","category-maiores","tag-amistosos","tag-corinthians","tag-jogos","tag-juninho","tag-pre-temporada","tag-preparacao","tag-preparador-fisico","tag-taca-brasil","tag-timao"],"_links":{"self":[{"href":"https:\/\/www.federacaopaulistadefutsal.com.br\/novo\/wp-json\/wp\/v2\/posts\/8990","targetHints":{"allow":["GET"]}}],"collection":[{"href":"https:\/\/www.federacaopaulistadefutsal.com.br\/novo\/wp-json\/wp\/v2\/posts"}],"about":[{"href":"https:\/\/www.federacaopaulistadefutsal.com.br\/novo\/wp-json\/wp\/v2\/types\/post"}],"author":[{"embeddable":true,"href":"https:\/\/www.federacaopaulistadefutsal.com.br\/novo\/wp-json\/wp\/v2\/users\/1"}],"replies":[{"embeddable":true,"href":"https:\/\/www.federacaopaulistadefutsal.com.br\/novo\/wp-json\/wp\/v2\/comments?post=8990"}],"version-history":[{"count":0,"href":"https:\/\/www.federacaopaulistadefutsal.com.br\/novo\/wp-json\/wp\/v2\/posts\/8990\/revisions"}],"wp:featuredmedia":[{"embeddable":true,"href":"https:\/\/www.federacaopaulistadefutsal.com.br\/novo\/wp-json\/"}],"wp:attachment":[{"href":"https:\/\/www.federacaopaulistadefutsal.com.br\/novo\/wp-json\/wp\/v2\/media?parent=8990"}],"wp:term":[{"taxonomy":"category","embeddable":true,"href":"https:\/\/www.federacaopaulistadefutsal.com.br\/novo\/wp-json\/wp\/v2\/categories?post=8990"},{"taxonomy":"post_tag","embeddable":true,"href":"https:\/\/www.federacaopaulistadefutsal.com.br\/novo\/wp-json\/wp\/v2\/tags?post=8990"}],"curies":[{"name":"wp","href":"https:\/\/api.w.org\/{rel}","templated":true}]}}