{"id":9004,"date":"2016-02-17T11:35:04","date_gmt":"2016-02-17T11:35:04","guid":{"rendered":"http:\/\/www.federacaopaulistadefutsal.com.br\/?p=9004"},"modified":"2016-02-17T11:35:04","modified_gmt":"2016-02-17T11:35:04","slug":"sem-parceria-com-santos-dracena-inicia-pre-temporada-nas-quatro-linhas","status":"publish","type":"post","link":"https:\/\/www.federacaopaulistadefutsal.com.br\/novo\/sem-parceria-com-santos-dracena-inicia-pre-temporada-nas-quatro-linhas\/","title":{"rendered":"Sem parceria com Santos, Dracena inicia pr\u00e9-temporada nas quatro linhas"},"content":{"rendered":"<p>&nbsp;<br \/>\nSem a parceria com o Santos F.C., o Dracena, na \u00faltima segunda-feira\u00a0(15), iniciou oficialmente sua pr\u00e9-temporada nas quatro linhas. O time dracenense, comandado pelo t\u00e9cnico Fl\u00e1vio Cavalcante, vai disputar a pr\u00f3xima edi\u00e7\u00e3o da Liga Paulista de Futsal (LPF), principal competi\u00e7\u00e3o do estado de S\u00e3o Paulo.<br \/>\nAl\u00e9m da equipe do interior, outras come\u00e7aram, nesta semana, os trabalhos com bola, e foram as seguintes: Gr\u00eamio Mogiano, Jacare\u00ed Futsal e S\u00e3o Jos\u00e9. O clube representante de Dracena-SP, pela LPF, est\u00e1 no grupo B,\u00a0ao lado de Orl\u00e2ndia, Sorocaba,\u00a0Taubat\u00e9, A.D. Indaiatuba, S\u00e3o Paulo, A.D. S\u00e3o Bernardo e A.A.B.B.;\u00a0na chave\u00a0A est\u00e3o\u00a0A.A. FIB, Corinthians, S\u00e3o Jos\u00e9, S\u00e3o Caetano, Jacare\u00ed, Yoka, Pulo do Gato, Pomp\u00e9ia e Atl\u00e9tico Guarulhense.<br \/>\n<strong>Entenda o fim da parceria entre Dracena e Santos F.C.\u00a0<\/strong><br \/>\nNo dia 25 de janeiro, o Santos F.C. e a prefeitura do munic\u00edpio de Dracena-SP, interior de S\u00e3o Paulo, anunciaram o fim da parceria nas quatro linhas da quadra. O projeto, que tinha como principal prop\u00f3sito, \u00e0 princ\u00edpio, colocar o alvinegro na disputa da Liga Paulista de Futsal (LPF) foi interrompido e, agora, n\u00e3o deve acontecer, pelo menos em 2016; mas a equipe\u00a0dracenense seguir\u00e1 na competi\u00e7\u00e3o.<br \/>\nSegundo\u00a0informa\u00e7\u00f5es, nos bastidores do time santista, pessoas ligadas ao clube praiano escolheram desistir da parceria com a cidade interiorana. A equipe paulista n\u00e3o teria concordado com o modelo do acordo com Dracena e, por conta disso, preferiu n\u00e3o dar sequ\u00eancia ao projeto.<br \/>\nA quest\u00e3o do desligamento com a cidade do interior, tamb\u00e9m, passa pela inutiliza\u00e7\u00e3o da Arena Santos, casa do Peixe nas quadras, em partidas da LPF. Por conta de toda a estrutura da parceria estar localizada em Dracena-SP, para os santistas, ficaria dif\u00edcil realizar os treinamentos por l\u00e1, e, posteriormente, jogar no litoral paulista.<br \/>\n&nbsp;<br \/>\nPor Assessoria FPFS<br \/>\nCom informa\u00e7\u00f5es: Liga Paulista de Futsal (LPF)<br \/>\nFoto: Reprodu\u00e7\u00e3o\/Liga Paulista de Futsal (LPF)<br \/>\n&nbsp;<\/p>\n","protected":false},"excerpt":{"rendered":"<p>&nbsp; Sem a parceria com o Santos F.C., o Dracena, na \u00faltima segunda-feira\u00a0(15), iniciou oficialmente sua pr\u00e9-temporada nas quatro linhas.<\/p>\n","protected":false},"author":1,"featured_media":9006,"comment_status":"closed","ping_status":"open","sticky":false,"template":"","format":"standard","meta":{"footnotes":""},"categories":[29,31,32],"tags":[401,877,881,1314,1334,1525,1556,1937,2183,2488,2491],"class_list":["post-9004","post","type-post","status-publish","format-standard","has-post-thumbnail","hentry","category-interior","category-liga-paulista-de-futsal","category-maiores","tag-bola","tag-dracena","tag-dracenenses","tag-inicio","tag-interior","tag-liga-paulista","tag-lpf","tag-pre-temporada","tag-santos","tag-treinamento","tag-treinos"],"_links":{"self":[{"href":"https:\/\/www.federacaopaulistadefutsal.com.br\/novo\/wp-json\/wp\/v2\/posts\/9004","targetHints":{"allow":["GET"]}}],"collection":[{"href":"https:\/\/www.federacaopaulistadefutsal.com.br\/novo\/wp-json\/wp\/v2\/posts"}],"about":[{"href":"https:\/\/www.federacaopaulistadefutsal.com.br\/novo\/wp-json\/wp\/v2\/types\/post"}],"author":[{"embeddable":true,"href":"https:\/\/www.federacaopaulistadefutsal.com.br\/novo\/wp-json\/wp\/v2\/users\/1"}],"replies":[{"embeddable":true,"href":"https:\/\/www.federacaopaulistadefutsal.com.br\/novo\/wp-json\/wp\/v2\/comments?post=9004"}],"version-history":[{"count":0,"href":"https:\/\/www.federacaopaulistadefutsal.com.br\/novo\/wp-json\/wp\/v2\/posts\/9004\/revisions"}],"wp:featuredmedia":[{"embeddable":true,"href":"https:\/\/www.federacaopaulistadefutsal.com.br\/novo\/wp-json\/"}],"wp:attachment":[{"href":"https:\/\/www.federacaopaulistadefutsal.com.br\/novo\/wp-json\/wp\/v2\/media?parent=9004"}],"wp:term":[{"taxonomy":"category","embeddable":true,"href":"https:\/\/www.federacaopaulistadefutsal.com.br\/novo\/wp-json\/wp\/v2\/categories?post=9004"},{"taxonomy":"post_tag","embeddable":true,"href":"https:\/\/www.federacaopaulistadefutsal.com.br\/novo\/wp-json\/wp\/v2\/tags?post=9004"}],"curies":[{"name":"wp","href":"https:\/\/api.w.org\/{rel}","templated":true}]}}