{"id":9008,"date":"2016-02-17T12:52:30","date_gmt":"2016-02-17T12:52:30","guid":{"rendered":"http:\/\/www.federacaopaulistadefutsal.com.br\/?p=9008"},"modified":"2016-02-17T12:52:30","modified_gmt":"2016-02-17T12:52:30","slug":"bate-botasete-de-setembro-inaugura-quadra-na-capital-paulista","status":"publish","type":"post","link":"https:\/\/www.federacaopaulistadefutsal.com.br\/novo\/bate-botasete-de-setembro-inaugura-quadra-na-capital-paulista\/","title":{"rendered":"Bate-Bota\/Sete de Setembro inaugura quadra na capital paulista"},"content":{"rendered":"<p>&nbsp;<br \/>\nTime do futsal paulista, o GDR Bate-Bola\/Sete de Setembro inaugurou nova quadra no \u00faltimo domingo (14), em S\u00e3o Paulo-SP. No evento de estreia do sal\u00e3o, estiveram presentes jogadores como Guitta e Deives, do Corinthians, Cilibri, presidente do Conselho, e o presidente Rafaelli, ambos do Sete.<br \/>\nTreinador do sub-20 do Tim\u00e3o, Andr\u00e9 Bi\u00e9, que tamb\u00e9m auxilia o t\u00e9cnico Fernando Ferretti na equipe principal do alvinegro, aprovou a inaugura\u00e7\u00e3o do local, que dar\u00e1 visibilidade para novos atletas menores. Bi\u00e9, que coordena os trabalhos da escolinha do GDR Bate-Bola\/Sete de Setembro, falou sobre a import\u00e2ncia das categorias de base no desenvolvimento de jogadores.<br \/>\n<a href=\"http:\/\/www.federacaopaulistadefutsal.com.br\/wp-content\/uploads\/2016\/02\/Guitta_Deives.jpg\" rel=\"attachment wp-att-9012\"><img fetchpriority=\"high\" decoding=\"async\" class=\"alignleft size-full wp-image-9012\" src=\"http:\/\/www.federacaopaulistadefutsal.com.br\/wp-content\/uploads\/2016\/02\/Guitta_Deives.jpg\" alt=\"Guitta_Deives\" width=\"300\" height=\"198\" \/><\/a><br \/>\n<strong>&#8220;A quadra foi inaugurada com as presen\u00e7as ilustres do Guitta e do Deives, o que abrilhantou ainda mais o evento. Quanto \u00e0 filosofia de trabalho, tudo \u00e9 voltado para o lado educativo e, posteriormente, competitivo. Ou seja, trabalhando com a forma\u00e7\u00e3o de car\u00e1ter e ser humano, e, em seguida, a forma\u00e7\u00e3o de atletas&#8221;,\u00a0<\/strong>declarou.<br \/>\nO GDR Bate-Bola\/Sete de Setembro, de S\u00e3o Paulo-SP, \u00e9 um clube que trabalha, especialmente, em esportes como futebol e futsal, em n\u00edvel n\u00e3o-federado e para atletas de at\u00e9 15 anos de idade. Para os jogadores interessados, a agremia\u00e7\u00e3o, localizada no bairro da \u00c1gua Rasa, na capital paulista, disponibilizou o seguinte telefone para contato: (11)\u00a02965- 7312; observa\u00e7\u00e3o:\u00a0falar com &#8220;Cl\u00e1udia&#8221;.<br \/>\n&nbsp;<br \/>\nPor Assessoria FPFS<br \/>\nCom informa\u00e7\u00f5es: Futsal em Pauta<br \/>\nFotos: Divulga\u00e7\u00e3o\/Luccas Salles<br \/>\n&nbsp;<br \/>\n&nbsp;<br \/>\n&nbsp;<\/p>\n","protected":false},"excerpt":{"rendered":"<p>&nbsp; Time do futsal paulista, o GDR Bate-Bola\/Sete de Setembro inaugurou nova quadra no \u00faltimo domingo (14), em S\u00e3o Paulo-SP.<\/p>\n","protected":false},"author":1,"featured_media":9011,"comment_status":"closed","ping_status":"open","sticky":false,"template":"","format":"standard","meta":{"footnotes":""},"categories":[32,33],"tags":[310,363,734,1131,1189,1291,1413,1835,1954,2004,2165,2296,2457],"class_list":["post-9008","post","type-post","status-publish","format-standard","has-post-thumbnail","hentry","category-maiores","category-menores","tag-atletas","tag-bate-bola","tag-corinthians","tag-futsal","tag-ginasio","tag-inauguracao","tag-jogadores","tag-paulista","tag-presenca","tag-quadra","tag-salao","tag-sete-de-setembro","tag-timao"],"_links":{"self":[{"href":"https:\/\/www.federacaopaulistadefutsal.com.br\/novo\/wp-json\/wp\/v2\/posts\/9008","targetHints":{"allow":["GET"]}}],"collection":[{"href":"https:\/\/www.federacaopaulistadefutsal.com.br\/novo\/wp-json\/wp\/v2\/posts"}],"about":[{"href":"https:\/\/www.federacaopaulistadefutsal.com.br\/novo\/wp-json\/wp\/v2\/types\/post"}],"author":[{"embeddable":true,"href":"https:\/\/www.federacaopaulistadefutsal.com.br\/novo\/wp-json\/wp\/v2\/users\/1"}],"replies":[{"embeddable":true,"href":"https:\/\/www.federacaopaulistadefutsal.com.br\/novo\/wp-json\/wp\/v2\/comments?post=9008"}],"version-history":[{"count":0,"href":"https:\/\/www.federacaopaulistadefutsal.com.br\/novo\/wp-json\/wp\/v2\/posts\/9008\/revisions"}],"wp:featuredmedia":[{"embeddable":true,"href":"https:\/\/www.federacaopaulistadefutsal.com.br\/novo\/wp-json\/"}],"wp:attachment":[{"href":"https:\/\/www.federacaopaulistadefutsal.com.br\/novo\/wp-json\/wp\/v2\/media?parent=9008"}],"wp:term":[{"taxonomy":"category","embeddable":true,"href":"https:\/\/www.federacaopaulistadefutsal.com.br\/novo\/wp-json\/wp\/v2\/categories?post=9008"},{"taxonomy":"post_tag","embeddable":true,"href":"https:\/\/www.federacaopaulistadefutsal.com.br\/novo\/wp-json\/wp\/v2\/tags?post=9008"}],"curies":[{"name":"wp","href":"https:\/\/api.w.org\/{rel}","templated":true}]}}