{"id":9026,"date":"2016-02-17T14:17:58","date_gmt":"2016-02-17T14:17:58","guid":{"rendered":"http:\/\/www.federacaopaulistadefutsal.com.br\/?p=9026"},"modified":"2016-02-17T14:17:58","modified_gmt":"2016-02-17T14:17:58","slug":"pre-temporada-sorocaba-encara-campo-mourao-em-amistoso-no-parana","status":"publish","type":"post","link":"https:\/\/www.federacaopaulistadefutsal.com.br\/novo\/pre-temporada-sorocaba-encara-campo-mourao-em-amistoso-no-parana\/","title":{"rendered":"Pr\u00e9-temporada: Sorocaba encara Campo Mour\u00e3o em amistoso no Paran\u00e1"},"content":{"rendered":"<p>&nbsp;<br \/>\nNa pr\u00f3xima quinta-feira (18), o Sorocaba Futsal, time do craque Falc\u00e3o, vai encarar o Campo Mour\u00e3o, do Paran\u00e1. O amistoso acontecer\u00e1 no gin\u00e1sio Valternei de Oliveira, a partir das 20h00, no munic\u00edpio de Campo Mour\u00e3o-PR, e faz parte da pr\u00e9-temporada da equipe sorocabana.<br \/>\nPara a partida contra os paranaenses, os paulistas, comandados pelo t\u00e9cnico Serginho Schiochet, devem vir com o plantel completo para o duelo. Jogadores como\u00a0o goleiro Tiago, o fixo Rodrigo Hardy e o piv\u00f4 Diego, que disputaram as Eliminat\u00f3rias com a camisa da Sele\u00e7\u00e3o Brasileira de Futsal, est\u00e3o de volta ao elenco sorocabano e podem ser umas das apostas do treinador ao\u00a0confronto.<br \/>\nAl\u00e9m de encarar o Campo Mour\u00e3o, o Sorocaba, no pr\u00f3ximo domingo (21), medir\u00e1 for\u00e7as com a Sele\u00e7\u00e3o Maringaense, visando a prepara\u00e7\u00e3o para a Liga Paulista de Futsal (LPF). O duelo est\u00e1 marcado para acontecer \u00e0s\u00a010h00, no Chico Neto, em Maring\u00e1, no Paran\u00e1.<br \/>\nPara a primeira partida, o valor dos ingressos est\u00e1 a R$ 40,00 reais por pessoa, sendo que a meia-entrada ser\u00e1 cobrada a R$ 20,00 reais. J\u00e1 \u00e0 segunda, em pre\u00e7os mais acess\u00edveis ao torcedor, os ingressos ser\u00e3o cobrados a R$ 26,00 reais; a meia deles \u00e9 de R$ 13,00 reais.<br \/>\n&nbsp;<br \/>\nPor Assessoria FPFS<br \/>\nCom informa\u00e7\u00f5es: Futsal de Primeira<br \/>\nFoto: Divulga\u00e7\u00e3o\/Magnus Futsal<br \/>\n&nbsp;<br \/>\n&nbsp;<br \/>\n&nbsp;<\/p>\n","protected":false},"excerpt":{"rendered":"<p>&nbsp; Na pr\u00f3xima quinta-feira (18), o Sorocaba Futsal, time do craque Falc\u00e3o, vai encarar o Campo Mour\u00e3o, do Paran\u00e1. O<\/p>\n","protected":false},"author":1,"featured_media":9029,"comment_status":"closed","ping_status":"open","sticky":false,"template":"","format":"standard","meta":{"footnotes":""},"categories":[29,32],"tags":[219,746,1019,1424,1570,1815,1937,1948,2325,2328],"class_list":["post-9026","post","type-post","status-publish","format-standard","has-post-thumbnail","hentry","category-interior","category-maiores","tag-amistosos","tag-craque","tag-falcao","tag-jogos","tag-magnus","tag-parana","tag-pre-temporada","tag-preparacao","tag-sorocaba","tag-sorocabanos"],"_links":{"self":[{"href":"https:\/\/www.federacaopaulistadefutsal.com.br\/novo\/wp-json\/wp\/v2\/posts\/9026","targetHints":{"allow":["GET"]}}],"collection":[{"href":"https:\/\/www.federacaopaulistadefutsal.com.br\/novo\/wp-json\/wp\/v2\/posts"}],"about":[{"href":"https:\/\/www.federacaopaulistadefutsal.com.br\/novo\/wp-json\/wp\/v2\/types\/post"}],"author":[{"embeddable":true,"href":"https:\/\/www.federacaopaulistadefutsal.com.br\/novo\/wp-json\/wp\/v2\/users\/1"}],"replies":[{"embeddable":true,"href":"https:\/\/www.federacaopaulistadefutsal.com.br\/novo\/wp-json\/wp\/v2\/comments?post=9026"}],"version-history":[{"count":0,"href":"https:\/\/www.federacaopaulistadefutsal.com.br\/novo\/wp-json\/wp\/v2\/posts\/9026\/revisions"}],"wp:featuredmedia":[{"embeddable":true,"href":"https:\/\/www.federacaopaulistadefutsal.com.br\/novo\/wp-json\/"}],"wp:attachment":[{"href":"https:\/\/www.federacaopaulistadefutsal.com.br\/novo\/wp-json\/wp\/v2\/media?parent=9026"}],"wp:term":[{"taxonomy":"category","embeddable":true,"href":"https:\/\/www.federacaopaulistadefutsal.com.br\/novo\/wp-json\/wp\/v2\/categories?post=9026"},{"taxonomy":"post_tag","embeddable":true,"href":"https:\/\/www.federacaopaulistadefutsal.com.br\/novo\/wp-json\/wp\/v2\/tags?post=9026"}],"curies":[{"name":"wp","href":"https:\/\/api.w.org\/{rel}","templated":true}]}}