{"id":9056,"date":"2016-02-18T23:49:56","date_gmt":"2016-02-18T23:49:56","guid":{"rendered":"http:\/\/www.federacaopaulistadefutsal.com.br\/?p=9056"},"modified":"2016-02-18T23:49:56","modified_gmt":"2016-02-18T23:49:56","slug":"corinthians-vence-pulo-do-gato-em-amistoso-no-parque-sao-jorge","status":"publish","type":"post","link":"https:\/\/www.federacaopaulistadefutsal.com.br\/novo\/corinthians-vence-pulo-do-gato-em-amistoso-no-parque-sao-jorge\/","title":{"rendered":"Corinthians vence Pulo do Gato em amistoso no Parque S\u00e3o Jorge"},"content":{"rendered":"<p>&nbsp;<br \/>\nVisando a prepara\u00e7\u00e3o para a Ta\u00e7a Brasil de Futsal, o Corinthians, na tarde da \u00faltima quinta-feira (18), recebeu o Pulo do Gato, de Campinas-SP, no gin\u00e1sio do Parque S\u00e3o Jorge, em S\u00e3o Paulo-SP. Pelo\u00a0amistoso, o Tim\u00e3o bateu a equipe campineira por\u00a04 a 2.<br \/>\nCom a aus\u00eancia de Munim, que se recupera de contus\u00e3o, o time alvinegro, pressionando constantemente no ataque e finalizando ao gol do Pulo, abriu o marcador\u00a0com Pepita: 1 a 0. Arthur, em cobran\u00e7a de tiro-livre direto, fez o segundo para os donos da casa: 2 a 0. E o jogo foi para a etapa complementar.<br \/>\nComandado pelo t\u00e9cnico Fernando Ferretti, o Corinthians, novamente com Arthur, ampliou o placar: 3 a 0; Gabrielzinho, da equipe de Campinas-SP, descontou para os visitantes: 3 a 1. O time campineiro, pelos p\u00e9s de Thiago Kubik, diminuiu mais uma vez: 3 a 2.<br \/>\nApesar da insist\u00eancia do Pulo do Gato, foi o Tim\u00e3o quem marcou o gol, e com Deives, depois de \u00f3tima triangula\u00e7\u00e3o pelo ataque, fechando o placar: 4 a 2. Agora, ap\u00f3s encarar a A.A.B.B., na \u00faltima quarta (17), vencendo por 1 a 0, e o Pulo, nesta quinta (18), em vit\u00f3ria pelo placar de 4 a 2, o alvinegro\u00a0vai medir for\u00e7as com a A.D. Yoka, de Guaratinguet\u00e1-SP, na pr\u00f3xima sexta-feira (19),\u00a0em amistoso no gin\u00e1sio do Parque S\u00e3o Jorge, em S\u00e3o Paulo-SP.<br \/>\n&nbsp;<br \/>\nPor Assessoria FPFS<br \/>\nCom informa\u00e7\u00f5es: Futsal em Pauta<br \/>\nFoto: Reprodu\u00e7\u00e3o\/Futsal em Pauta<br \/>\n&nbsp;<br \/>\n&nbsp;<br \/>\n&nbsp;<\/p>\n","protected":false},"excerpt":{"rendered":"<p>&nbsp; Visando a prepara\u00e7\u00e3o para a Ta\u00e7a Brasil de Futsal, o Corinthians, na tarde da \u00faltima quinta-feira (18), recebeu o<\/p>\n","protected":false},"author":1,"featured_media":9058,"comment_status":"closed","ping_status":"open","sticky":false,"template":"","format":"standard","meta":{"footnotes":""},"categories":[32],"tags":[203,218,494,497,734,1418,1819,1937,1948,1999,2217,2395,2457,2490,2603],"class_list":["post-9056","post","type-post","status-publish","format-standard","has-post-thumbnail","hentry","category-maiores","tag-alvinegro","tag-amistoso","tag-campinas","tag-campineiros","tag-corinthians","tag-jogo","tag-parque-sao-jorge","tag-pre-temporada","tag-preparacao","tag-pulo-do-gato","tag-sccp","tag-taca-brasil","tag-timao","tag-treino","tag-vitoria"],"_links":{"self":[{"href":"https:\/\/www.federacaopaulistadefutsal.com.br\/novo\/wp-json\/wp\/v2\/posts\/9056","targetHints":{"allow":["GET"]}}],"collection":[{"href":"https:\/\/www.federacaopaulistadefutsal.com.br\/novo\/wp-json\/wp\/v2\/posts"}],"about":[{"href":"https:\/\/www.federacaopaulistadefutsal.com.br\/novo\/wp-json\/wp\/v2\/types\/post"}],"author":[{"embeddable":true,"href":"https:\/\/www.federacaopaulistadefutsal.com.br\/novo\/wp-json\/wp\/v2\/users\/1"}],"replies":[{"embeddable":true,"href":"https:\/\/www.federacaopaulistadefutsal.com.br\/novo\/wp-json\/wp\/v2\/comments?post=9056"}],"version-history":[{"count":0,"href":"https:\/\/www.federacaopaulistadefutsal.com.br\/novo\/wp-json\/wp\/v2\/posts\/9056\/revisions"}],"wp:featuredmedia":[{"embeddable":true,"href":"https:\/\/www.federacaopaulistadefutsal.com.br\/novo\/wp-json\/"}],"wp:attachment":[{"href":"https:\/\/www.federacaopaulistadefutsal.com.br\/novo\/wp-json\/wp\/v2\/media?parent=9056"}],"wp:term":[{"taxonomy":"category","embeddable":true,"href":"https:\/\/www.federacaopaulistadefutsal.com.br\/novo\/wp-json\/wp\/v2\/categories?post=9056"},{"taxonomy":"post_tag","embeddable":true,"href":"https:\/\/www.federacaopaulistadefutsal.com.br\/novo\/wp-json\/wp\/v2\/tags?post=9056"}],"curies":[{"name":"wp","href":"https:\/\/api.w.org\/{rel}","templated":true}]}}