{"id":9072,"date":"2016-02-19T14:22:32","date_gmt":"2016-02-19T14:22:32","guid":{"rendered":"http:\/\/www.federacaopaulistadefutsal.com.br\/?p=9072"},"modified":"2016-02-19T14:22:32","modified_gmt":"2016-02-19T14:22:32","slug":"feliz-em-retornar-ao-taubate-lucas-fala-sobre-expectativas-nas-quatro-linhas","status":"publish","type":"post","link":"https:\/\/www.federacaopaulistadefutsal.com.br\/novo\/feliz-em-retornar-ao-taubate-lucas-fala-sobre-expectativas-nas-quatro-linhas\/","title":{"rendered":"Feliz em retornar ao Taubat\u00e9, Lucas fala sobre expectativas nas quatro linhas"},"content":{"rendered":"<p>&nbsp;<br \/>\nO Taubat\u00e9 Futsal, time do Vale do Para\u00edba, iniciou sua pr\u00e9-temporada no in\u00edcio de fevereiro, visando a disputa da Liga Paulista de Futsal (LPF). Fixo da equipe taubateana, Lucas est\u00e1 feliz em retornar ao clube interiorano e buscar\u00e1 t\u00edtulos dentro das quatro linhas. Confira as palavras do jogador!<br \/>\n<strong>&#8220;Ser\u00e1 um novo desafio. Foi criado um projeto, que est\u00e1 crescendo cada vez mais. Estou muito confiante e contente em fazer parte disso. J\u00e1 tive a oportunidade de jogar com a maioria dos jogadores da equipe e isso facilita bastante o trabalho&#8221;,\u00a0<\/strong>declarou\u00a0o atleta.<br \/>\nPela LPF, o Taubat\u00e9\u00a0est\u00e1 no grupo B, ao lado das seguintes equipes: ADC Intelli\/Orl\u00e2ndia, Sorocaba,\u00a0Gr\u00eamio Mogiano, A.D. Indaiatuba, S\u00e3o Paulo, A.D. S\u00e3o Bernardo, A.A.B.B. e Dracena. Fazem parte do grupo A: A.A. FIB, Corinthians, atual campe\u00e3o, S\u00e3o Jos\u00e9, S\u00e3o Caetano, Jacare\u00ed, Yoka, Pulo do Gato e os estreantes Atl\u00e9tico Guarulhense e Pomp\u00e9ia.<br \/>\nEm rela\u00e7\u00e3o \u00e0 competi\u00e7\u00e3o paulista, Lucas declarou o seguinte: <strong>&#8220;Existem tr\u00eas clubes favoritos ao t\u00edtulo (Corinthians, Orl\u00e2ndia e Sorocaba, para ele) e est\u00e3o um patamar acima devido ao investimento, por\u00e9m sabemos da nossa for\u00e7a e vamos brigar pelas primeiras posi\u00e7\u00f5es na Liga&#8221;,\u00a0<\/strong>disse o jogador.<br \/>\nSobre a pr\u00e9-temporada do Taubat\u00e9, Marcus Vin\u00edcius, preparador f\u00edsico do time taubateano, revelou:<strong>&#8220;O grupo est\u00e1 fazendo v\u00e1rias atividades, entre elas, corrida, muscula\u00e7\u00e3o, treino t\u00e1tico e em paralelo s\u00e3o realizadas avalia\u00e7\u00f5es f\u00edsicas para analisar o peso ideal de cada atleta. Estamos preparando cada um da melhor forma poss\u00edvel&#8221;,\u00a0<\/strong>declarou Vin\u00edcius.<br \/>\n&nbsp;<br \/>\nPor Assessoria FPFS<br \/>\nCom informa\u00e7\u00f5es: Top 10 Comunica\u00e7\u00e3o<br \/>\nFoto: Divulga\u00e7\u00e3o\/Top 10 Comunica\u00e7\u00e3o<\/p>\n","protected":false},"excerpt":{"rendered":"<p>&nbsp; O Taubat\u00e9 Futsal, time do Vale do Para\u00edba, iniciou sua pr\u00e9-temporada no in\u00edcio de fevereiro, visando a disputa da<\/p>\n","protected":false},"author":1,"featured_media":9077,"comment_status":"closed","ping_status":"open","sticky":false,"template":"","format":"standard","meta":{"footnotes":""},"categories":[29,31,32],"tags":[940,1088,1334,1409,1525,1556,1558,2322,2414,2419,2548],"class_list":["post-9072","post","type-post","status-publish","format-standard","has-post-thumbnail","hentry","category-interior","category-liga-paulista-de-futsal","category-maiores","tag-entrevista","tag-fixo","tag-interior","tag-jogador","tag-liga-paulista","tag-lpf","tag-lucas","tag-sonora","tag-taubate","tag-taubateanos","tag-vale-do-paraiba"],"_links":{"self":[{"href":"https:\/\/www.federacaopaulistadefutsal.com.br\/novo\/wp-json\/wp\/v2\/posts\/9072","targetHints":{"allow":["GET"]}}],"collection":[{"href":"https:\/\/www.federacaopaulistadefutsal.com.br\/novo\/wp-json\/wp\/v2\/posts"}],"about":[{"href":"https:\/\/www.federacaopaulistadefutsal.com.br\/novo\/wp-json\/wp\/v2\/types\/post"}],"author":[{"embeddable":true,"href":"https:\/\/www.federacaopaulistadefutsal.com.br\/novo\/wp-json\/wp\/v2\/users\/1"}],"replies":[{"embeddable":true,"href":"https:\/\/www.federacaopaulistadefutsal.com.br\/novo\/wp-json\/wp\/v2\/comments?post=9072"}],"version-history":[{"count":0,"href":"https:\/\/www.federacaopaulistadefutsal.com.br\/novo\/wp-json\/wp\/v2\/posts\/9072\/revisions"}],"wp:featuredmedia":[{"embeddable":true,"href":"https:\/\/www.federacaopaulistadefutsal.com.br\/novo\/wp-json\/"}],"wp:attachment":[{"href":"https:\/\/www.federacaopaulistadefutsal.com.br\/novo\/wp-json\/wp\/v2\/media?parent=9072"}],"wp:term":[{"taxonomy":"category","embeddable":true,"href":"https:\/\/www.federacaopaulistadefutsal.com.br\/novo\/wp-json\/wp\/v2\/categories?post=9072"},{"taxonomy":"post_tag","embeddable":true,"href":"https:\/\/www.federacaopaulistadefutsal.com.br\/novo\/wp-json\/wp\/v2\/tags?post=9072"}],"curies":[{"name":"wp","href":"https:\/\/api.w.org\/{rel}","templated":true}]}}