{"id":9125,"date":"2016-02-24T12:28:59","date_gmt":"2016-02-24T12:28:59","guid":{"rendered":"http:\/\/www.federacaopaulistadefutsal.com.br\/?p=9125"},"modified":"2016-02-24T12:28:59","modified_gmt":"2016-02-24T12:28:59","slug":"apos-passagem-pelo-futebol-bia-esta-de-volta-ao-sao-caetano-futsal","status":"publish","type":"post","link":"https:\/\/www.federacaopaulistadefutsal.com.br\/novo\/apos-passagem-pelo-futebol-bia-esta-de-volta-ao-sao-caetano-futsal\/","title":{"rendered":"Ap\u00f3s passagem pelo futebol, Bia est\u00e1 de volta ao S\u00e3o Caetano Futsal"},"content":{"rendered":"<p>&nbsp;<br \/>\nNa temporada passada, Bia defendeu o Clube de Regatas Vasco da Gama, pelo futebol de campo. Agora, ap\u00f3s passagem pelo cruzmaltino nos gramados, a jogadora retornar\u00e1 ao futsal de S\u00e3o Paulo, novamente para vestir a camisa do S\u00e3o Caetano, time do ABC paulista.<br \/>\nAl\u00e9m da equipe de cores azuis, a atleta do esporte das quadras feminino tamb\u00e9m jogou por equipes como o Kindermann, de Santa Catarina. Assim como no\u00a0clube alvinegro carioca, Bia usou suas chuteiras de cravo defendendo o\u00a0S\u00e3o Paulo F.C..<br \/>\n&nbsp;<br \/>\nPor Assessoria FPFS<br \/>\nCom informa\u00e7\u00f5es: Futsal em Pauta<br \/>\nFoto: Reprodu\u00e7\u00e3o\/Futsal em Pauta<br \/>\n&nbsp;<\/p>\n","protected":false},"excerpt":{"rendered":"<p>&nbsp; Na temporada passada, Bia defendeu o Clube de Regatas Vasco da Gama, pelo futebol de campo. Agora, ap\u00f3s passagem<\/p>\n","protected":false},"author":1,"featured_media":9126,"comment_status":"closed","ping_status":"open","sticky":false,"template":"","format":"standard","meta":{"footnotes":""},"categories":[26],"tags":[138,308,389,781,1046,1151,1213,1411,1699,2106,2189,2207],"class_list":["post-9125","post","type-post","status-publish","format-standard","has-post-thumbnail","hentry","category-feminino","tag-abc-paulista","tag-atleta","tag-bia","tag-de-volta","tag-feminino","tag-futsal-paulista","tag-gramados","tag-jogadora","tag-mulher","tag-retorno","tag-sao-caetano","tag-sao-paulo"],"_links":{"self":[{"href":"https:\/\/www.federacaopaulistadefutsal.com.br\/novo\/wp-json\/wp\/v2\/posts\/9125","targetHints":{"allow":["GET"]}}],"collection":[{"href":"https:\/\/www.federacaopaulistadefutsal.com.br\/novo\/wp-json\/wp\/v2\/posts"}],"about":[{"href":"https:\/\/www.federacaopaulistadefutsal.com.br\/novo\/wp-json\/wp\/v2\/types\/post"}],"author":[{"embeddable":true,"href":"https:\/\/www.federacaopaulistadefutsal.com.br\/novo\/wp-json\/wp\/v2\/users\/1"}],"replies":[{"embeddable":true,"href":"https:\/\/www.federacaopaulistadefutsal.com.br\/novo\/wp-json\/wp\/v2\/comments?post=9125"}],"version-history":[{"count":0,"href":"https:\/\/www.federacaopaulistadefutsal.com.br\/novo\/wp-json\/wp\/v2\/posts\/9125\/revisions"}],"wp:featuredmedia":[{"embeddable":true,"href":"https:\/\/www.federacaopaulistadefutsal.com.br\/novo\/wp-json\/"}],"wp:attachment":[{"href":"https:\/\/www.federacaopaulistadefutsal.com.br\/novo\/wp-json\/wp\/v2\/media?parent=9125"}],"wp:term":[{"taxonomy":"category","embeddable":true,"href":"https:\/\/www.federacaopaulistadefutsal.com.br\/novo\/wp-json\/wp\/v2\/categories?post=9125"},{"taxonomy":"post_tag","embeddable":true,"href":"https:\/\/www.federacaopaulistadefutsal.com.br\/novo\/wp-json\/wp\/v2\/tags?post=9125"}],"curies":[{"name":"wp","href":"https:\/\/api.w.org\/{rel}","templated":true}]}}