{"id":9153,"date":"2016-02-25T21:18:42","date_gmt":"2016-02-25T21:18:42","guid":{"rendered":"http:\/\/www.federacaopaulistadefutsal.com.br\/?p=9153"},"modified":"2016-02-25T21:18:42","modified_gmt":"2016-02-25T21:18:42","slug":"diretoria-da-a-d-indaiatuba-apresenta-elenco-para-temporada-2016","status":"publish","type":"post","link":"https:\/\/www.federacaopaulistadefutsal.com.br\/novo\/diretoria-da-a-d-indaiatuba-apresenta-elenco-para-temporada-2016\/","title":{"rendered":"Diretoria da A.D. Indaiatuba apresenta elenco para temporada 2016"},"content":{"rendered":"<p>&nbsp;<br \/>\nNa \u00faltima quarta-feira (24), a diretoria da A.D. Indaiatuba, equipe do futsal de S\u00e3o Paulo, apresentou oficialmente o elenco para a temporada 2016. O time indaiatubano, que vai disputar a pr\u00f3xima edi\u00e7\u00e3o da Liga Paulista de Futsal (LPF), reuniu sua comiss\u00e3o t\u00e9cnica e jogadores, em evento de reapresenta\u00e7\u00e3o.<br \/>\nPelo principal torneio das quadras do estado, a A.D.I. vai estrear contra o Gr\u00eamio Mogiano, de Mogi das Cruzes-SP, no dia 24 de mar\u00e7o, na casa do advers\u00e1rio. Antes do jogo pela competi\u00e7\u00e3o estadual, o clube indaiatubano disputar\u00e1 amistosos com a seguintes equipes: Pinhal, na pr\u00f3xima sexta-feira (26), S\u00e3o Caetano Futsal, no dia 04 de mar\u00e7o, e, por fim, o Corinthians sub-20, no dia 09 do m\u00eas que vem.<br \/>\nDentre as novidades para a temporada, segundo\u00a0Schneider Vianna, diretor da A.D. Indaiatuba, o time paulista deve come\u00e7ar a disputar competi\u00e7\u00f5es pelas\u00a0categorias sub-8 e 9, que s\u00e3o organizadas pela Federa\u00e7\u00e3o Paulista de Futsal (FPFS). Confira, abaixo, o elenco indaiatubano &#8220;vers\u00e3o 2016&#8221;:<br \/>\n<strong>Goleiros &#8211;<\/strong> Mel\u00e3o, Fabinho e Bei\u00e7o.<br \/>\n<strong>Fixos &#8211;<\/strong> Fabi\u00e3o, Klebinho, Juninho Indai\u00e1 e Leon.<br \/>\n<strong>Alas &#8211;<\/strong> Alex, Cardeal, Flavinho, Grilinho, Igor, Igor &#8220;Preto&#8221;, Juninho e Ricardinho.<br \/>\n<strong>Piv\u00f4s &#8211;<\/strong> Dougl\u00e3o, Kiko e Linguinha.<br \/>\n<strong>T\u00e9cnico &#8211;<\/strong> Juliano Ripabello.<br \/>\n&nbsp;<br \/>\nPor Assessoria FPFS<br \/>\nCom informa\u00e7\u00f5es: Futsal em Pauta<br \/>\nFoto: Divulga\u00e7\u00e3o\/ Jean Antunes\/Futsal em Pauta<br \/>\n&nbsp;<br \/>\n&nbsp;<\/p>\n","protected":false},"excerpt":{"rendered":"<p>&nbsp; Na \u00faltima quarta-feira (24), a diretoria da A.D. Indaiatuba, equipe do futsal de S\u00e3o Paulo, apresentou oficialmente o elenco<\/p>\n","protected":false},"author":1,"featured_media":9154,"comment_status":"closed","ping_status":"open","sticky":false,"template":"","format":"standard","meta":{"footnotes":""},"categories":[32],"tags":[74,119,308,911,1231,1297,1301,1413,1937,2430],"class_list":["post-9153","post","type-post","status-publish","format-standard","has-post-thumbnail","hentry","category-maiores","tag-74","tag-a-d-i","tag-atleta","tag-elenco","tag-grupo","tag-indaiatuba","tag-indaiatubanos","tag-jogadores","tag-pre-temporada","tag-temporada"],"_links":{"self":[{"href":"https:\/\/www.federacaopaulistadefutsal.com.br\/novo\/wp-json\/wp\/v2\/posts\/9153","targetHints":{"allow":["GET"]}}],"collection":[{"href":"https:\/\/www.federacaopaulistadefutsal.com.br\/novo\/wp-json\/wp\/v2\/posts"}],"about":[{"href":"https:\/\/www.federacaopaulistadefutsal.com.br\/novo\/wp-json\/wp\/v2\/types\/post"}],"author":[{"embeddable":true,"href":"https:\/\/www.federacaopaulistadefutsal.com.br\/novo\/wp-json\/wp\/v2\/users\/1"}],"replies":[{"embeddable":true,"href":"https:\/\/www.federacaopaulistadefutsal.com.br\/novo\/wp-json\/wp\/v2\/comments?post=9153"}],"version-history":[{"count":0,"href":"https:\/\/www.federacaopaulistadefutsal.com.br\/novo\/wp-json\/wp\/v2\/posts\/9153\/revisions"}],"wp:featuredmedia":[{"embeddable":true,"href":"https:\/\/www.federacaopaulistadefutsal.com.br\/novo\/wp-json\/"}],"wp:attachment":[{"href":"https:\/\/www.federacaopaulistadefutsal.com.br\/novo\/wp-json\/wp\/v2\/media?parent=9153"}],"wp:term":[{"taxonomy":"category","embeddable":true,"href":"https:\/\/www.federacaopaulistadefutsal.com.br\/novo\/wp-json\/wp\/v2\/categories?post=9153"},{"taxonomy":"post_tag","embeddable":true,"href":"https:\/\/www.federacaopaulistadefutsal.com.br\/novo\/wp-json\/wp\/v2\/tags?post=9153"}],"curies":[{"name":"wp","href":"https:\/\/api.w.org\/{rel}","templated":true}]}}