{"id":9156,"date":"2016-02-25T22:00:40","date_gmt":"2016-02-25T22:00:40","guid":{"rendered":"http:\/\/www.federacaopaulistadefutsal.com.br\/?p=9156"},"modified":"2016-02-25T22:00:40","modified_gmt":"2016-02-25T22:00:40","slug":"corinthians-goleia-rival-sorocaba-em-classico-no-ayrton-senna","status":"publish","type":"post","link":"https:\/\/www.federacaopaulistadefutsal.com.br\/novo\/corinthians-goleia-rival-sorocaba-em-classico-no-ayrton-senna\/","title":{"rendered":"Corinthians goleia rival Sorocaba em cl\u00e1ssico no Ayrton Senna"},"content":{"rendered":"<p>&nbsp;<br \/>\nNa noite desta quinta-feira (25), o Corinthians bateu a equipe do Sorocaba por goleada de 5 a 2. O cl\u00e1ssico entre o Tim\u00e3o e o time do craque Falc\u00e3o aconteceu no gin\u00e1sio Ayrton Senna, em Itapetininga, munic\u00edpio paulista.<br \/>\nOs gols da vit\u00f3ria do alvinegro do Parque S\u00e3o Jorge foram marcados por Deives, Arthur, Vander Carioca (2) e Marcel, recentemente promovido do sub-20 ao grupo principal. Do lado sorocabano, Pixote e Xande fizeram os deles.<br \/>\nEm entrevista \u00e0 &#8220;R\u00e1dio Coring\u00e3o&#8221;, Deives, um dos autores de gols para o Corinthians, declarou o seguinte:\u00a0<strong>&#8220;\u00c9 um jogo importante, diante de uma equipe qualificada e com certeza estar\u00e1 l\u00e1 na frente brigando por t\u00edtulos junto com a gente. J\u00e1 o nosso primeiro tempo foi excelente, porque tivemos um bom n\u00edvel de competitividade&#8221;,\u00a0<\/strong>disse o camisa 10.<br \/>\nAp\u00f3s a partida contra o rival de Sorocaba-SP, Vander Carioca, que fez dois, falou sobre o resultado:\u00a0<strong>&#8220;Fomos felizes hoje e o Corinthians \u00e9 isso a\u00ed. Luta at\u00e9 o final e isso ser\u00e1 a base ao longo do ano. \u00c9\u00a0dif\u00edcil estrear no lugar de um craque como o Simi. Um cara que joga muito, um monstro e que tem sua hist\u00f3ria aqui. Mas garra e empenho n\u00e3o v\u00e3o faltar&#8221;,\u00a0<\/strong>declarou o piv\u00f4.<br \/>\n&nbsp;<br \/>\nPor Assessoria FPFS<br \/>\nCom informa\u00e7\u00f5es: Liga Paulista de Futsal (LPF)<br \/>\nFoto:\u00a0Reprodu\u00e7\u00e3o\/Liga Paulista de Futsal (LPF)<\/p>\n","protected":false},"excerpt":{"rendered":"<p>&nbsp; Na noite desta quinta-feira (25), o Corinthians bateu a equipe do Sorocaba por goleada de 5 a 2. O<\/p>\n","protected":false},"author":1,"featured_media":9157,"comment_status":"closed","ping_status":"open","sticky":false,"template":"","format":"standard","meta":{"footnotes":""},"categories":[25,32],"tags":[218,337,734,1201,1360,1423,1937,2325,2328,2457,2603],"class_list":["post-9156","post","type-post","status-publish","format-standard","has-post-thumbnail","hentry","category-destaques","category-maiores","tag-amistoso","tag-ayrton-senna","tag-corinthians","tag-goleada","tag-itapetininga","tag-jogo-treino","tag-pre-temporada","tag-sorocaba","tag-sorocabanos","tag-timao","tag-vitoria"],"_links":{"self":[{"href":"https:\/\/www.federacaopaulistadefutsal.com.br\/novo\/wp-json\/wp\/v2\/posts\/9156","targetHints":{"allow":["GET"]}}],"collection":[{"href":"https:\/\/www.federacaopaulistadefutsal.com.br\/novo\/wp-json\/wp\/v2\/posts"}],"about":[{"href":"https:\/\/www.federacaopaulistadefutsal.com.br\/novo\/wp-json\/wp\/v2\/types\/post"}],"author":[{"embeddable":true,"href":"https:\/\/www.federacaopaulistadefutsal.com.br\/novo\/wp-json\/wp\/v2\/users\/1"}],"replies":[{"embeddable":true,"href":"https:\/\/www.federacaopaulistadefutsal.com.br\/novo\/wp-json\/wp\/v2\/comments?post=9156"}],"version-history":[{"count":0,"href":"https:\/\/www.federacaopaulistadefutsal.com.br\/novo\/wp-json\/wp\/v2\/posts\/9156\/revisions"}],"wp:featuredmedia":[{"embeddable":true,"href":"https:\/\/www.federacaopaulistadefutsal.com.br\/novo\/wp-json\/"}],"wp:attachment":[{"href":"https:\/\/www.federacaopaulistadefutsal.com.br\/novo\/wp-json\/wp\/v2\/media?parent=9156"}],"wp:term":[{"taxonomy":"category","embeddable":true,"href":"https:\/\/www.federacaopaulistadefutsal.com.br\/novo\/wp-json\/wp\/v2\/categories?post=9156"},{"taxonomy":"post_tag","embeddable":true,"href":"https:\/\/www.federacaopaulistadefutsal.com.br\/novo\/wp-json\/wp\/v2\/tags?post=9156"}],"curies":[{"name":"wp","href":"https:\/\/api.w.org\/{rel}","templated":true}]}}