{"id":9176,"date":"2016-02-26T21:21:41","date_gmt":"2016-02-26T21:21:41","guid":{"rendered":"http:\/\/www.federacaopaulistadefutsal.com.br\/?p=9176"},"modified":"2016-02-26T21:21:41","modified_gmt":"2016-02-26T21:21:41","slug":"orlandia-empata-com-pulo-do-gato-em-amistoso-de-pre-temporada","status":"publish","type":"post","link":"https:\/\/www.federacaopaulistadefutsal.com.br\/novo\/orlandia-empata-com-pulo-do-gato-em-amistoso-de-pre-temporada\/","title":{"rendered":"Orl\u00e2ndia empata com Pulo do Gato em amistoso de pr\u00e9-temporada"},"content":{"rendered":"<p>&nbsp;<br \/>\nNesta sexta-feira (26), em amistoso de pr\u00e9-temporada, a ADC Intelli\/Orl\u00e2ndia, comandada pelo t\u00e9cnico Cid\u00e3o, empatou com o Pulo do Gato, de Campinas-SP, pelo placar de 2 a 2. O amistoso entre as equipes aconteceu no gin\u00e1sio Victor Savala, na cidade de Hortol\u00e2ndia-SP.<br \/>\nOs gols do time orlandino foram marcados por Gadeia e Elisandro, o &#8220;Imperador&#8221;, uma das apostas do clube gren\u00e1 para 2016. J\u00e1 para a equipe campineira, Biro e o goleiro Rog\u00e9rio Tobias fizeram os deles.<br \/>\n<strong>Pr\u00f3ximos amistosos de pr\u00e9-temporada da Intelli \u00a0<\/strong><br \/>\nA diretoria do clube gren\u00e1 confirmou, pelo menos, mais tr\u00eas jogos treinos para a equipe do interior paulista, e ser\u00e3o os seguintes: contra Toledo, que est\u00e1 marcado para 05 de mar\u00e7o, a partir das 20h30, no gin\u00e1sio Alcides Pan, diante do Guarapuava, dois dias depois, no Joaquinz\u00e3o, \u00e0s 20h00. E, para fechar, o Orl\u00e2ndia medir\u00e1 for\u00e7as com o Dois Vizinhos, dia 09 de mar\u00e7o, no gin\u00e1sio Teodorico Guimar\u00e3es; os duelos acontecer\u00e3o\u00a0no estado do Paran\u00e1.<br \/>\nJ\u00e1 o time de Campinas-SP, que assim como a Intelli\u00a0ir\u00e1 disputar a pr\u00f3xima edi\u00e7\u00e3o da Liga Paulista de Futsal (LPF), seguir\u00e1 em seus treinamentos de pr\u00e9-temporada.<br \/>\n&nbsp;<br \/>\nPor Assessoria FPFS<br \/>\nCom informa\u00e7\u00f5es: ADC Intelli<br \/>\nFoto: Divulga\u00e7\u00e3o\/\u00a0Luan Amaral\/ADC Intelli<\/p>\n","protected":false},"excerpt":{"rendered":"<p>&nbsp; Nesta sexta-feira (26), em amistoso de pr\u00e9-temporada, a ADC Intelli\/Orl\u00e2ndia, comandada pelo t\u00e9cnico Cid\u00e3o, empatou com o Pulo do<\/p>\n","protected":false},"author":1,"featured_media":9177,"comment_status":"closed","ping_status":"open","sticky":false,"template":"","format":"standard","meta":{"footnotes":""},"categories":[29,32],"tags":[218,494,497,929,1283,1323,1423,1789,1791,1937,1999],"class_list":["post-9176","post","type-post","status-publish","format-standard","has-post-thumbnail","hentry","category-interior","category-maiores","tag-amistoso","tag-campinas","tag-campineiros","tag-empate","tag-igualdade","tag-intelli","tag-jogo-treino","tag-orlandia","tag-orlandinos","tag-pre-temporada","tag-pulo-do-gato"],"_links":{"self":[{"href":"https:\/\/www.federacaopaulistadefutsal.com.br\/novo\/wp-json\/wp\/v2\/posts\/9176","targetHints":{"allow":["GET"]}}],"collection":[{"href":"https:\/\/www.federacaopaulistadefutsal.com.br\/novo\/wp-json\/wp\/v2\/posts"}],"about":[{"href":"https:\/\/www.federacaopaulistadefutsal.com.br\/novo\/wp-json\/wp\/v2\/types\/post"}],"author":[{"embeddable":true,"href":"https:\/\/www.federacaopaulistadefutsal.com.br\/novo\/wp-json\/wp\/v2\/users\/1"}],"replies":[{"embeddable":true,"href":"https:\/\/www.federacaopaulistadefutsal.com.br\/novo\/wp-json\/wp\/v2\/comments?post=9176"}],"version-history":[{"count":0,"href":"https:\/\/www.federacaopaulistadefutsal.com.br\/novo\/wp-json\/wp\/v2\/posts\/9176\/revisions"}],"wp:featuredmedia":[{"embeddable":true,"href":"https:\/\/www.federacaopaulistadefutsal.com.br\/novo\/wp-json\/"}],"wp:attachment":[{"href":"https:\/\/www.federacaopaulistadefutsal.com.br\/novo\/wp-json\/wp\/v2\/media?parent=9176"}],"wp:term":[{"taxonomy":"category","embeddable":true,"href":"https:\/\/www.federacaopaulistadefutsal.com.br\/novo\/wp-json\/wp\/v2\/categories?post=9176"},{"taxonomy":"post_tag","embeddable":true,"href":"https:\/\/www.federacaopaulistadefutsal.com.br\/novo\/wp-json\/wp\/v2\/tags?post=9176"}],"curies":[{"name":"wp","href":"https:\/\/api.w.org\/{rel}","templated":true}]}}