{"id":9180,"date":"2016-02-27T11:00:27","date_gmt":"2016-02-27T11:00:27","guid":{"rendered":"http:\/\/www.federacaopaulistadefutsal.com.br\/?p=9180"},"modified":"2016-02-27T11:00:27","modified_gmt":"2016-02-27T11:00:27","slug":"ex-mogiano-ala-japa-acerta-transferencia-para-atletico-guarulhense","status":"publish","type":"post","link":"https:\/\/www.federacaopaulistadefutsal.com.br\/novo\/ex-mogiano-ala-japa-acerta-transferencia-para-atletico-guarulhense\/","title":{"rendered":"Ex-Mogiano, ala Japa acerta transfer\u00eancia para Atl\u00e9tico Guarulhense"},"content":{"rendered":"<p>&nbsp;<br \/>\nNa \u00faltima semana, o ala Japa, ex-Gr\u00eamio Mogiano, de Mogi das Cruzes-SP, acertou sua transfer\u00eancia para nova equipe em 2016. O jogador vai vestir a camisa do Atl\u00e9tico Guarulhense, time da grande S\u00e3o Paulo que, nesta temporada, ir\u00e1 disputar, pela primeira vez em sua hist\u00f3ria, a Liga Paulista de Futsal (LPF).<br \/>\nCom passagens por clubes como A.D. Yoka, de Guaratinguet\u00e1-SP, S\u00e3o Caetano, Ca\u00e7a e Tiro, de Lages-SC, Pinda E.C.\/A.A. Ferrovi\u00e1ria, o jogador ter\u00e1 a miss\u00e3o de, juntamente com a equipe de Guarulhos-SP, fazer &#8220;bonito&#8221; na principal competi\u00e7\u00e3o das quadras no estado de S\u00e3o Paulo. Ao longo da carreira, o\u00a0ala tamb\u00e9m atuou pelo Corinthians, atual campe\u00e3o da LPF.<br \/>\n<strong>Atl\u00e9tico Guarulhense na Liga Paulista de Futsal (LPF)\u00a0<\/strong><br \/>\nAl\u00e9m de Japa, o time guarulhense acertou contrato com o fixo Michael e o goleiro Serra, tamb\u00e9m apostas do clube atleticano para surpreender na Liga Paulista. Pela competi\u00e7\u00e3o, o &#8220;Galo&#8221; est\u00e1 no grupo A, ao lado das seguintes equipes: A.A. FIB,\u00a0Corinthians, S\u00e3o Jos\u00e9, S\u00e3o Caetano, Jacare\u00ed, Yoka, Pulo do Gato e o tamb\u00e9m estreante\u00a0Pomp\u00e9ia; no grupo B est\u00e3o\u00a0ADC Intelli\/Orl\u00e2ndia, Sorocaba,\u00a0Gr\u00eamio Mogiano, Taubat\u00e9, A.D. Indaiatuba, S\u00e3o Paulo, A.D. S\u00e3o Bernardo, A.A.B.B. e Dracena.<br \/>\n&nbsp;<br \/>\nPor Assessoria FPFS<br \/>\nCom informa\u00e7\u00f5es: Futsal em Pauta<br \/>\nFoto: Reprodu\u00e7\u00e3o\/Futsal em Pauta<br \/>\n&nbsp;<\/p>\n","protected":false},"excerpt":{"rendered":"<p>&nbsp; Na \u00faltima semana, o ala Japa, ex-Gr\u00eamio Mogiano, de Mogi das Cruzes-SP, acertou sua transfer\u00eancia para nova equipe em<\/p>\n","protected":false},"author":1,"featured_media":9181,"comment_status":"closed","ping_status":"open","sticky":false,"template":"","format":"standard","meta":{"footnotes":""},"categories":[31,32],"tags":[190,308,311,689,1245,1247,1388,1409,1525,1556,1645,1719,2062],"class_list":["post-9180","post","type-post","status-publish","format-standard","has-post-thumbnail","hentry","category-liga-paulista-de-futsal","category-maiores","tag-ala","tag-atleta","tag-atletico","tag-contratacao","tag-guarulhense","tag-guarulhos","tag-japa","tag-jogador","tag-liga-paulista","tag-lpf","tag-mercado","tag-negociacoes","tag-reforco"],"_links":{"self":[{"href":"https:\/\/www.federacaopaulistadefutsal.com.br\/novo\/wp-json\/wp\/v2\/posts\/9180","targetHints":{"allow":["GET"]}}],"collection":[{"href":"https:\/\/www.federacaopaulistadefutsal.com.br\/novo\/wp-json\/wp\/v2\/posts"}],"about":[{"href":"https:\/\/www.federacaopaulistadefutsal.com.br\/novo\/wp-json\/wp\/v2\/types\/post"}],"author":[{"embeddable":true,"href":"https:\/\/www.federacaopaulistadefutsal.com.br\/novo\/wp-json\/wp\/v2\/users\/1"}],"replies":[{"embeddable":true,"href":"https:\/\/www.federacaopaulistadefutsal.com.br\/novo\/wp-json\/wp\/v2\/comments?post=9180"}],"version-history":[{"count":0,"href":"https:\/\/www.federacaopaulistadefutsal.com.br\/novo\/wp-json\/wp\/v2\/posts\/9180\/revisions"}],"wp:featuredmedia":[{"embeddable":true,"href":"https:\/\/www.federacaopaulistadefutsal.com.br\/novo\/wp-json\/"}],"wp:attachment":[{"href":"https:\/\/www.federacaopaulistadefutsal.com.br\/novo\/wp-json\/wp\/v2\/media?parent=9180"}],"wp:term":[{"taxonomy":"category","embeddable":true,"href":"https:\/\/www.federacaopaulistadefutsal.com.br\/novo\/wp-json\/wp\/v2\/categories?post=9180"},{"taxonomy":"post_tag","embeddable":true,"href":"https:\/\/www.federacaopaulistadefutsal.com.br\/novo\/wp-json\/wp\/v2\/tags?post=9180"}],"curies":[{"name":"wp","href":"https:\/\/api.w.org\/{rel}","templated":true}]}}