{"id":9189,"date":"2016-02-27T12:21:28","date_gmt":"2016-02-27T12:21:28","guid":{"rendered":"http:\/\/www.federacaopaulistadefutsal.com.br\/?p=9189"},"modified":"2016-02-27T12:21:28","modified_gmt":"2016-02-27T12:21:28","slug":"7-a-1-barcelona-de-bateria-goleia-intermovistar-do-portugues-ricardinho","status":"publish","type":"post","link":"https:\/\/www.federacaopaulistadefutsal.com.br\/novo\/7-a-1-barcelona-de-bateria-goleia-intermovistar-do-portugues-ricardinho\/","title":{"rendered":"7 a 1: Barcelona de Bateria goleia Inter\/Movistar do portugu\u00eas Ricardinho"},"content":{"rendered":"<p>&nbsp;<br \/>\nPela Liga Nacional de Futsal (LNFS), principal competi\u00e7\u00e3o das quadras na Espanha, o Barcelona, time do brasileiro Bateria, goleou o Inter\/Movistar, de Ricardinho, portugu\u00eas considerado atualmente o melhor jogador do mundo, pelo incr\u00edvel placar de 7 a 1. O resultado &#8220;a la Alemanha&#8221; aconteceu neste s\u00e1bado (27), no gin\u00e1sio\u00a0Palau Blaugrana, casa da equipe gren\u00e1 e azul.<br \/>\nDiante de 6.000 mil pessoas, os gols da goleada do Bar\u00e7a foram marcados por Dyego, Saad, Bateria, Ferr\u00e3o, Sergio Lozano, Daniel e, por fim, Wilde. Para a equipe do craque das quatro linhas, recentemente eleito por Falc\u00e3o o novo &#8220;Rei do Futsal&#8221;, Rafael Soares fez o de &#8220;honra&#8221;.<br \/>\nO surpreendente resultado \u00e9 considerado hist\u00f3rico n\u00e3o apenas no futsal espanhol mas, sobretudo, mundial, j\u00e1 que Barcelona e Inter\/Movistar, um dos maiores cl\u00e1ssicos do planeta nas quadras, sempre proporcionam duelos pra l\u00e1 do que equilibrados. Diferentemente de hoje, confronto\u00a0em que o time de Bateria colocou o do portugu\u00eas Ricardinho na &#8220;roda&#8221;.<br \/>\n&nbsp;<br \/>\nPor Assessoria FPFS<br \/>\nCom informa\u00e7\u00f5es: FC Barcelona\/Esporte Interativo<br \/>\nFoto: Reprodu\u00e7\u00e3o\/Bateria (Instagram)<br \/>\n&nbsp;<br \/>\n&nbsp;<\/p>\n","protected":false},"excerpt":{"rendered":"<p>&nbsp; Pela Liga Nacional de Futsal (LNFS), principal competi\u00e7\u00e3o das quadras na Espanha, o Barcelona, time do brasileiro Bateria, goleou<\/p>\n","protected":false},"author":1,"featured_media":9190,"comment_status":"closed","ping_status":"open","sticky":false,"template":"","format":"standard","meta":{"footnotes":""},"categories":[25,32],"tags":[354,365,608,747,958,960,995,1201,1267,1329,1547,1608,1695,2100,2118,2128],"class_list":["post-9189","post","type-post","status-publish","format-standard","has-post-thumbnail","hentry","category-destaques","category-maiores","tag-barcelona","tag-bateria","tag-classico","tag-craques","tag-espanha","tag-espanhol","tag-europa","tag-goleada","tag-historico","tag-inter","tag-lnfs","tag-massacre","tag-movistar","tag-resultado","tag-ricardinho","tag-rivais"],"_links":{"self":[{"href":"https:\/\/www.federacaopaulistadefutsal.com.br\/novo\/wp-json\/wp\/v2\/posts\/9189","targetHints":{"allow":["GET"]}}],"collection":[{"href":"https:\/\/www.federacaopaulistadefutsal.com.br\/novo\/wp-json\/wp\/v2\/posts"}],"about":[{"href":"https:\/\/www.federacaopaulistadefutsal.com.br\/novo\/wp-json\/wp\/v2\/types\/post"}],"author":[{"embeddable":true,"href":"https:\/\/www.federacaopaulistadefutsal.com.br\/novo\/wp-json\/wp\/v2\/users\/1"}],"replies":[{"embeddable":true,"href":"https:\/\/www.federacaopaulistadefutsal.com.br\/novo\/wp-json\/wp\/v2\/comments?post=9189"}],"version-history":[{"count":0,"href":"https:\/\/www.federacaopaulistadefutsal.com.br\/novo\/wp-json\/wp\/v2\/posts\/9189\/revisions"}],"wp:featuredmedia":[{"embeddable":true,"href":"https:\/\/www.federacaopaulistadefutsal.com.br\/novo\/wp-json\/"}],"wp:attachment":[{"href":"https:\/\/www.federacaopaulistadefutsal.com.br\/novo\/wp-json\/wp\/v2\/media?parent=9189"}],"wp:term":[{"taxonomy":"category","embeddable":true,"href":"https:\/\/www.federacaopaulistadefutsal.com.br\/novo\/wp-json\/wp\/v2\/categories?post=9189"},{"taxonomy":"post_tag","embeddable":true,"href":"https:\/\/www.federacaopaulistadefutsal.com.br\/novo\/wp-json\/wp\/v2\/tags?post=9189"}],"curies":[{"name":"wp","href":"https:\/\/api.w.org\/{rel}","templated":true}]}}