{"id":9198,"date":"2016-02-28T12:00:56","date_gmt":"2016-02-28T12:00:56","guid":{"rendered":"http:\/\/www.federacaopaulistadefutsal.com.br\/?p=9198"},"modified":"2016-02-28T12:00:56","modified_gmt":"2016-02-28T12:00:56","slug":"em-evento-no-roge-ferreira-pulo-do-gato-apresenta-projetos-para-futsal","status":"publish","type":"post","link":"https:\/\/www.federacaopaulistadefutsal.com.br\/novo\/em-evento-no-roge-ferreira-pulo-do-gato-apresenta-projetos-para-futsal\/","title":{"rendered":"Em evento no Rog\u00ea Ferreira, Pulo do Gato apresenta projetos para futsal"},"content":{"rendered":"<p>&nbsp;<br \/>\nEm evento no munic\u00edpio de Campinas, interior de S\u00e3o Paulo, o Pulo do Gato realizou sua apresenta\u00e7\u00e3o oficial para a temporada, na manh\u00e3 do \u00faltimo s\u00e1bado (27). O time campineiro, durante a cerim\u00f4nia, divulgou seu projeto esportivo para o ano e, tamb\u00e9m, fez o cadastramento de todos os seus jogadores das\u00a0categorias menores, no gin\u00e1sio Rog\u00ea Ferreira.<br \/>\nO Pulo disputar\u00e1, em 2016, o Campeonato Metropolitano, S\u00e9rie Ouro, nas seguintes categorias: sub-10, 12, 14, 16 e 17. Pela principal, a equipe adulta do Gato jogar\u00e1, no primeiro semestre, dois importantes torneios estadual e regional: a Liga Paulista de Futsal (LPF) e os Jogos Regionais; o clube interiorano deve, ainda, participar de outras competi\u00e7\u00f5es ao longo do ano.<br \/>\nAtualmente, o time de Campinas-SP trabalha, somando todas as categorias de atletas menores e maiores, com um total de 130 jogadores, projeto que envolve 20 profissionais e tem o apoio de Jonas Donizette, prefeito da cidade. M\u00e3e do menino Luan, jogador do sub-16 do Pulo, Eliene dos Santos declarou o seguinte sobre a import\u00e2ncia de tal trabalho de base:\u00a0<strong>&#8220;O Luan est\u00e1 aqui h\u00e1 cinco anos. Desde ent\u00e3o, melhorou sua conduta disciplinar, melhorou em casa e, \u00e9 claro, o lado esportivo. S\u00f3 tenho a agradecer ao Pulo&#8221;,<\/strong> declarou.<br \/>\n<strong>&#8220;Temos de valorizar o trabalho da diretoria, porque quando se fala em Pulo do Gato, automaticamente as pessoas lembram-se de Campinas-SP. Al\u00e9m disso, o esporte trabalha com o desenvolvimento do ser humano como um todo, e isso \u00e9 muito importante para n\u00f3s&#8221;,<\/strong>\u00a0disse Jonas Donizette em rela\u00e7\u00e3o ao Pulo do Gato.<br \/>\nNas \u00faltimas temporadas, a equipe do interior tem crescido na disputa de competi\u00e7\u00f5es das categorias de jogadores menores. Sobre o feito, Jeffo Novaes, presidente do clube campineiro de futsal, falou:\u00a0<strong>&#8220;Esse ranqueamento comprova a for\u00e7a das nossas categorias de base. A equipe principal tamb\u00e9m tem feito bons campeonatos e vamos continuar o trabalho em busca dos melhores resultados. Temos um ano dif\u00edcil pela frente, e podemos sentir um pouco, mas tenho certeza que o trabalho ser\u00e1 forte&#8221;, <\/strong>declarou.<strong>\u00a0 \u00a0<\/strong><br \/>\n&nbsp;<br \/>\nPor Assessoria FPFS<br \/>\nCom informa\u00e7\u00f5es: Futsal em Pauta<br \/>\nFoto: Divulga\u00e7\u00e3o\/Andr\u00e9 Montejano<br \/>\n&nbsp;<br \/>\n&nbsp;<\/p>\n","protected":false},"excerpt":{"rendered":"<p>&nbsp; Em evento no munic\u00edpio de Campinas, interior de S\u00e3o Paulo, o Pulo do Gato realizou sua apresenta\u00e7\u00e3o oficial para<\/p>\n","protected":false},"author":1,"featured_media":9200,"comment_status":"closed","ping_status":"open","sticky":false,"template":"","format":"standard","meta":{"footnotes":""},"categories":[29,32,33],"tags":[241,251,360,494,497,551,1334,1575,1643,1901,1943,1984,1999,2044,2139,2207,2430],"class_list":["post-9198","post","type-post","status-publish","format-standard","has-post-thumbnail","hentry","category-interior","category-maiores","category-menores","tag-apoio","tag-apresentacao","tag-base","tag-campinas","tag-campineiros","tag-categorias","tag-interior","tag-maiores","tag-menores-2","tag-plano","tag-prefeitura","tag-projeto","tag-pulo-do-gato","tag-reconhecimento","tag-roge-ferreira","tag-sao-paulo","tag-temporada"],"_links":{"self":[{"href":"https:\/\/www.federacaopaulistadefutsal.com.br\/novo\/wp-json\/wp\/v2\/posts\/9198","targetHints":{"allow":["GET"]}}],"collection":[{"href":"https:\/\/www.federacaopaulistadefutsal.com.br\/novo\/wp-json\/wp\/v2\/posts"}],"about":[{"href":"https:\/\/www.federacaopaulistadefutsal.com.br\/novo\/wp-json\/wp\/v2\/types\/post"}],"author":[{"embeddable":true,"href":"https:\/\/www.federacaopaulistadefutsal.com.br\/novo\/wp-json\/wp\/v2\/users\/1"}],"replies":[{"embeddable":true,"href":"https:\/\/www.federacaopaulistadefutsal.com.br\/novo\/wp-json\/wp\/v2\/comments?post=9198"}],"version-history":[{"count":0,"href":"https:\/\/www.federacaopaulistadefutsal.com.br\/novo\/wp-json\/wp\/v2\/posts\/9198\/revisions"}],"wp:featuredmedia":[{"embeddable":true,"href":"https:\/\/www.federacaopaulistadefutsal.com.br\/novo\/wp-json\/"}],"wp:attachment":[{"href":"https:\/\/www.federacaopaulistadefutsal.com.br\/novo\/wp-json\/wp\/v2\/media?parent=9198"}],"wp:term":[{"taxonomy":"category","embeddable":true,"href":"https:\/\/www.federacaopaulistadefutsal.com.br\/novo\/wp-json\/wp\/v2\/categories?post=9198"},{"taxonomy":"post_tag","embeddable":true,"href":"https:\/\/www.federacaopaulistadefutsal.com.br\/novo\/wp-json\/wp\/v2\/tags?post=9198"}],"curies":[{"name":"wp","href":"https:\/\/api.w.org\/{rel}","templated":true}]}}