{"id":9270,"date":"2016-03-02T10:00:35","date_gmt":"2016-03-02T10:00:35","guid":{"rendered":"http:\/\/www.federacaopaulistadefutsal.com.br\/?p=9270"},"modified":"2016-03-02T10:00:35","modified_gmt":"2016-03-02T10:00:35","slug":"atual-vice-campeao-da-liga-paulista-orlandia-estreia-contra-a-a-b-b-da-capital","status":"publish","type":"post","link":"https:\/\/www.federacaopaulistadefutsal.com.br\/novo\/atual-vice-campeao-da-liga-paulista-orlandia-estreia-contra-a-a-b-b-da-capital\/","title":{"rendered":"Atual vice-campe\u00e3o da Liga Paulista, Orl\u00e2ndia estreia contra A.A.B.B., da capital"},"content":{"rendered":"<p>&nbsp;<br \/>\nNesta semana, a Federa\u00e7\u00e3o Paulista de Futsal (FPFS) divulgou a tabela oficial da Liga Paulista de Futsal (LPF), principal competi\u00e7\u00e3o das quadras no estado de S\u00e3o Paulo. Atual vice-campe\u00e3 do torneio, a ADC Intelli\/Orl\u00e2ndia, equipe comandada pelo t\u00e9cnico Cid\u00e3o, vai estrear contra a A.A.B.B., da capital, no dia 24 de mar\u00e7o, a partir das 19h00, na casa do advers\u00e1rio.<br \/>\nCom um total de 18 times participantes, a LPF se inciar\u00e1 na terceira semana do m\u00eas de mar\u00e7o, campeonato dividido em dois grupos: Corinthians, atual campe\u00e3o, S\u00e3o Jos\u00e9, Pompeia, Jacare\u00ed Futsal, A.D. Yoka, A.A. FIB, Pulo do Gato, Atl\u00e9tico Guarulhense e S\u00e3o Caetano representam a chave A, e Sorocaba, Dracena, Gr\u00eamio Mogiano, Taubat\u00e9, A.D. Indaiatuba, S\u00e3o Paulo, A.D. S\u00e3o Bernardo e A.A.B.B., al\u00e9m da Intelli, fazem parte da B.<br \/>\n<strong>Liga Paulista de Futsal (LPF) vers\u00e3o 2016\u00a0<\/strong><br \/>\nPela primeira fase da Liga Paulista de Futsal (LPF), os clubes se enfrentar\u00e3o, dentro de seus respectivos grupos, em partidas de turno \u00fanico. Os dois melhores classificados de cada chave, automaticamente, garantir\u00e3o lugar nas quartas de final da competi\u00e7\u00e3o.<br \/>\nNo caso dos demais times, que terminarem do terceiro ao sexto lugar em cada grupo, participar\u00e3o de jogos mata-matas, organizados em confrontos de ida e volta. Os duelos ser\u00e3o realizados da seguinte maneira:\u00a03\u00ba A x 6\u00ba B, 4\u00ba A x 5\u00ba B, 3\u00ba B x 6\u00ba A, 4\u00ba B x 5\u00ba A, definindo quais equipes avan\u00e7ar\u00e3o \u00e0s semifinais.<br \/>\n<strong>O Orl\u00e2ndia na primeira fase da competi\u00e7\u00e3o<\/strong><br \/>\n*Gin\u00e1sio &#8220;A&#8221; da AABB (S\u00e3o Paulo)<br \/>\n24\/mar, 19h00, A.A.B.B. X ADC INTELLI\/ORL\u00c2NDIA<br \/>\n*Gin\u00e1sio Mauricio Leite de Moraes &#8211;\u00a0Orl\u00e2ndia<br \/>\n01\/abr, 20h15, ADC INTELLI\/ORL\u00c2NDIA x S\u00c3O PAULO F.C.<br \/>\n*Gin\u00e1sio do \u00c9den (Sorocaba)<br \/>\n04\/abr, 20h15, SOROCABA\u00a0FUTSAL x ADC INTELLI\/ORL\u00c2NDIA<br \/>\n*Gin\u00e1sio Alaor Ferrari &#8211; Dracena<br \/>\n08\/abr, 20h30, DRACENA x ADC INTELLI\/ORL\u00c2NDIA<br \/>\n*Gin\u00e1sio Mauricio Leite de Moraes &#8211;\u00a0Orl\u00e2ndia<br \/>\n26\/abr, 20h15, ADC INTELLI\/ORL\u00c2NDIA x A.D. INDAIATUBA<br \/>\n*Gin\u00e1sio Mauricio Leite de Moraes &#8211;\u00a0Orl\u00e2ndia<br \/>\n30\/mai, 20h15, ADC INTELLI\/ORL\u00c2NDIA x GR\u00caMIO MOGIANO<br \/>\n*Gin\u00e1sio poliesportivo Adib Moyse Dib (S\u00e2o Bernardo)<br \/>\n13\/jun, 20h00, A.D. S\u00c3O BERNARDO x ADC INTELLI\/ORL\u00c2NDIA<br \/>\n*Gin\u00e1sio Mauricio Leite de Moraes &#8211; Orl\u00e2ndia<br \/>\n24\/jun, 20h00, ADC INTELLI\/ORL\u00c2NDIA x TAUBAT\u00c9<br \/>\n&nbsp;<br \/>\nPor Assessoria FPFS<br \/>\nCom informa\u00e7\u00f5es: Carlos Silva\/ADC Intelli<br \/>\nFoto: Divulga\u00e7\u00e3o\/ M\u00e1rcio Dami\u00e3o\/ADC Intelli<br \/>\n&nbsp;<br \/>\n&nbsp;<\/p>\n","protected":false},"excerpt":{"rendered":"<p>&nbsp; Nesta semana, a Federa\u00e7\u00e3o Paulista de Futsal (FPFS) divulgou a tabela oficial da Liga Paulista de Futsal (LPF), principal<\/p>\n","protected":false},"author":1,"featured_media":9273,"comment_status":"closed","ping_status":"open","sticky":false,"template":"","format":"standard","meta":{"footnotes":""},"categories":[29,31,32],"tags":[104,317,595,673,975,987,1323,1424,1525,1556,1789,1791,1964,2384,2580],"class_list":["post-9270","post","type-post","status-publish","format-standard","has-post-thumbnail","hentry","category-interior","category-liga-paulista-de-futsal","category-maiores","tag-a-a-b-b","tag-atual","tag-cidao","tag-confrontos","tag-estadual","tag-estreia","tag-intelli","tag-jogos","tag-liga-paulista","tag-lpf","tag-orlandia","tag-orlandinos","tag-primeira-fase","tag-tabela","tag-vice"],"_links":{"self":[{"href":"https:\/\/www.federacaopaulistadefutsal.com.br\/novo\/wp-json\/wp\/v2\/posts\/9270","targetHints":{"allow":["GET"]}}],"collection":[{"href":"https:\/\/www.federacaopaulistadefutsal.com.br\/novo\/wp-json\/wp\/v2\/posts"}],"about":[{"href":"https:\/\/www.federacaopaulistadefutsal.com.br\/novo\/wp-json\/wp\/v2\/types\/post"}],"author":[{"embeddable":true,"href":"https:\/\/www.federacaopaulistadefutsal.com.br\/novo\/wp-json\/wp\/v2\/users\/1"}],"replies":[{"embeddable":true,"href":"https:\/\/www.federacaopaulistadefutsal.com.br\/novo\/wp-json\/wp\/v2\/comments?post=9270"}],"version-history":[{"count":0,"href":"https:\/\/www.federacaopaulistadefutsal.com.br\/novo\/wp-json\/wp\/v2\/posts\/9270\/revisions"}],"wp:featuredmedia":[{"embeddable":true,"href":"https:\/\/www.federacaopaulistadefutsal.com.br\/novo\/wp-json\/"}],"wp:attachment":[{"href":"https:\/\/www.federacaopaulistadefutsal.com.br\/novo\/wp-json\/wp\/v2\/media?parent=9270"}],"wp:term":[{"taxonomy":"category","embeddable":true,"href":"https:\/\/www.federacaopaulistadefutsal.com.br\/novo\/wp-json\/wp\/v2\/categories?post=9270"},{"taxonomy":"post_tag","embeddable":true,"href":"https:\/\/www.federacaopaulistadefutsal.com.br\/novo\/wp-json\/wp\/v2\/tags?post=9270"}],"curies":[{"name":"wp","href":"https:\/\/api.w.org\/{rel}","templated":true}]}}