{"id":9293,"date":"2016-03-02T13:46:09","date_gmt":"2016-03-02T13:46:09","guid":{"rendered":"http:\/\/www.federacaopaulistadefutsal.com.br\/?p=9293"},"modified":"2016-03-02T13:46:09","modified_gmt":"2016-03-02T13:46:09","slug":"vale-do-paraiba-jacarei-encara-equipe-de-paraibuna-sp-em-amistoso-preparatorio","status":"publish","type":"post","link":"https:\/\/www.federacaopaulistadefutsal.com.br\/novo\/vale-do-paraiba-jacarei-encara-equipe-de-paraibuna-sp-em-amistoso-preparatorio\/","title":{"rendered":"Vale do Para\u00edba: Jacare\u00ed encara equipe de Paraibuna-SP em amistoso preparat\u00f3rio"},"content":{"rendered":"<p>&nbsp;<br \/>\nTime do Vale do Para\u00edba, o Jacare\u00ed Futsal, visando sua participa\u00e7\u00e3o na Liga Paulista, realizar\u00e1\u00a0jogo treino na pr\u00f3xima sexta-feira (04). O clube\u00a0do interior de S\u00e3o Paulo vai encarar uma equipe local do munic\u00edpio de Paraibuna-SP, em amistoso marcado para \u00e0s 19h00, no gin\u00e1sio Educa Mais, casa do clube jacareiense.<br \/>\nBruno Donha, goleiro do Jacare\u00ed, falou sobre a import\u00e2ncia das partidas de pr\u00e9-temporada: <strong>&#8220;Essa \u00e9 a hora que aproveitamos para colocar em pr\u00e1tica o que estamos treinando desde o in\u00edcio e \u00e9\u00a0essencial\u00a0que possamos realizar esses jogos-treinos para analisar situa\u00e7\u00f5es reais de jogo&#8221;,<\/strong> declarou o jogador das traves.<br \/>\nDonha, que est\u00e1 em\u00a0seu quarto ano na equipe jacareiense, falou, tamb\u00e9m, que tais confrontos amistosos s\u00e3o uma chance do time evitar erros nas quatro linhas, visando, \u00e9 claro, as competi\u00e7\u00f5es oficiais: \u00a0<strong>&#8220;Embora essa seja a chance que tenhamos de errar e n\u00e3o sair fora de uma competi\u00e7\u00e3o, n\u00e3o gosto de pensar nisso. Temos sempre que estar bem e prontos para enfrentar qualquer equipe, por isso, quanto menos errarmos, melhor ser\u00e1&#8221;,\u00a0<\/strong>disse o goleiro, que cobrou aten\u00e7\u00e3o de si mesmo e dos demais companheiros.<br \/>\n<strong>Jacare\u00ed vers\u00e3o 2016<\/strong><br \/>\n<strong>Goleiros:<\/strong><br \/>\n-Pez\u00e3o<br \/>\n-Bruno Donha<br \/>\n<strong>Jogadores de linha:<\/strong><br \/>\n-Marcelo Paulista<br \/>\n-Alem\u00e3o<br \/>\n-Guin\u00e3o<br \/>\n-Joelmil<br \/>\n-Fred Madeira<br \/>\n-Felipinho<br \/>\n-Rodrigo Dasayevi<br \/>\n-Rafael Martins<br \/>\n-Rodrigo Mogi<br \/>\n-Rezala<br \/>\n-Garrincha<br \/>\n-Rodrigo<br \/>\n&nbsp;<br \/>\nPor Assessoria FPFS<br \/>\nCom informa\u00e7\u00f5es: Futsal em Pauta<br \/>\nFoto: Divulga\u00e7\u00e3o\/ Valter Pereira\/PMJ<br \/>\n&nbsp;<\/p>\n","protected":false},"excerpt":{"rendered":"<p>&nbsp; Time do Vale do Para\u00edba, o Jacare\u00ed Futsal, visando sua participa\u00e7\u00e3o na Liga Paulista, realizar\u00e1\u00a0jogo treino na pr\u00f3xima sexta-feira<\/p>\n","protected":false},"author":1,"featured_media":9294,"comment_status":"closed","ping_status":"open","sticky":false,"template":"","format":"standard","meta":{"footnotes":""},"categories":[29,32],"tags":[218,671,1380,1382,1423,1525,1812,1948,2548,2596],"class_list":["post-9293","post","type-post","status-publish","format-standard","has-post-thumbnail","hentry","category-interior","category-maiores","tag-amistoso","tag-confronto","tag-jacarei","tag-jacareienses","tag-jogo-treino","tag-liga-paulista","tag-paraibuna","tag-preparacao","tag-vale-do-paraiba","tag-visando"],"_links":{"self":[{"href":"https:\/\/www.federacaopaulistadefutsal.com.br\/novo\/wp-json\/wp\/v2\/posts\/9293","targetHints":{"allow":["GET"]}}],"collection":[{"href":"https:\/\/www.federacaopaulistadefutsal.com.br\/novo\/wp-json\/wp\/v2\/posts"}],"about":[{"href":"https:\/\/www.federacaopaulistadefutsal.com.br\/novo\/wp-json\/wp\/v2\/types\/post"}],"author":[{"embeddable":true,"href":"https:\/\/www.federacaopaulistadefutsal.com.br\/novo\/wp-json\/wp\/v2\/users\/1"}],"replies":[{"embeddable":true,"href":"https:\/\/www.federacaopaulistadefutsal.com.br\/novo\/wp-json\/wp\/v2\/comments?post=9293"}],"version-history":[{"count":0,"href":"https:\/\/www.federacaopaulistadefutsal.com.br\/novo\/wp-json\/wp\/v2\/posts\/9293\/revisions"}],"wp:featuredmedia":[{"embeddable":true,"href":"https:\/\/www.federacaopaulistadefutsal.com.br\/novo\/wp-json\/"}],"wp:attachment":[{"href":"https:\/\/www.federacaopaulistadefutsal.com.br\/novo\/wp-json\/wp\/v2\/media?parent=9293"}],"wp:term":[{"taxonomy":"category","embeddable":true,"href":"https:\/\/www.federacaopaulistadefutsal.com.br\/novo\/wp-json\/wp\/v2\/categories?post=9293"},{"taxonomy":"post_tag","embeddable":true,"href":"https:\/\/www.federacaopaulistadefutsal.com.br\/novo\/wp-json\/wp\/v2\/tags?post=9293"}],"curies":[{"name":"wp","href":"https:\/\/api.w.org\/{rel}","templated":true}]}}