{"id":9297,"date":"2016-03-03T07:00:23","date_gmt":"2016-03-03T07:00:23","guid":{"rendered":"http:\/\/www.federacaopaulistadefutsal.com.br\/?p=9297"},"modified":"2016-03-03T07:00:23","modified_gmt":"2016-03-03T07:00:23","slug":"pela-taca-brasil-de-clubes-corinthians-fica-no-empate-com-moita-bonita","status":"publish","type":"post","link":"https:\/\/www.federacaopaulistadefutsal.com.br\/novo\/pela-taca-brasil-de-clubes-corinthians-fica-no-empate-com-moita-bonita\/","title":{"rendered":"Pela Ta\u00e7a Brasil de Clubes, Corinthians fica no empate com Moita Bonita"},"content":{"rendered":"<p>&nbsp;<br \/>\nNa noite da \u00faltima quarta-feira (02), em partida v\u00e1lida pela terceira rodada da Ta\u00e7a Brasil de Clubes, o Corinthians, em busca da reabilita\u00e7\u00e3o, encarou o Moita Bonita, do Sergipe. O alvinegro empatou com os sergipanos pelo placar de 1 a 1, em jogo que aconteceu no Centro Municipal de Eventos, em Carlos Barbosa, no Rio Grande do Sul.<br \/>\nEm confronto bastante equilibrado nas quatro linhas, foi o Tim\u00e3o quem saiu \u00e0\u00a0frente do marcador, e com um dos seus refor\u00e7os para a temporada, o piv\u00f4 Vander Carioca: 1 a 0. Por\u00e9m, pouco tempo mais tarde, J\u00fanior &#8220;Foca&#8221; fez\u00a0para os moitenses, dando n\u00fameros finais ao duelo: 1 a 1. E foi isso.<br \/>\nPelo grupo E2 da Ta\u00e7a Brasil de Clubes, a equipe do Parque S\u00e3o Jorge, com o resultado da \u00faltima quarta (02), soma quatro pontos ganhos, divididos em uma vit\u00f3ria, na estreia contra o Balsas, do Maranh\u00e3o, uma derrota, diante da Assoeva (RS), no segundo jogo e, por fim, um empate, em confronto com o Moita Bonita (SE). J\u00e1 os sergipanos, depois da partida de igualdade e de perderem duas anteriormente, chegaram ao seu primeiro ponto na competi\u00e7\u00e3o.<br \/>\nAgora, o Corinthians medir\u00e1 for\u00e7as com a equipe do Goi\u00e1s, nesta quinta-feira (03), a partir das 20h00, no Centro Municipal de Eventos, em Carlos Barbosa-RS. O jogo entre o time paulista e o goiano \u00e9 v\u00e1lido pela quarta e \u00faltima rodada da fase de grupos, antecedendo as semifinais do torneio nacional.<br \/>\n<strong>Confira abaixo a tabela completa da Ta\u00e7a Brasil:<\/strong><br \/>\n29\/02<br \/>\n14h00 \u2013 Assoeva (RS) 6 x 0 Moita Bonita (SE)<br \/>\n16h00 \u2013 Jaragu\u00e1 (SC) 0 x 0 Minas (MG)<br \/>\n18h00 \u2013 <strong>Corinthians (SP)<\/strong>\u00a05 x 2 Balsas (MA)<br \/>\n20h00 \u2013 Carlos Barbosa (RS) 10 x 0 Vit\u00f3ria (BA)<br \/>\nFolgam \u2013 Cascavel (PR) e Goi\u00e1s (GO)<br \/>\n01\/03<br \/>\n14h00 \u2013 Goi\u00e1s 2 x 3 Balsas<br \/>\n16h00 \u2013 Cascavel 3 x 3 Jaragu\u00e1<br \/>\n18h00 \u2013 Assoeva 3 x 0\u00a0<strong>Corinthians<\/strong><br \/>\n20h00 \u2013 Carlos Barbosa 6 x 0 Minas<br \/>\nFolgam \u2013 Vit\u00f3ria e Moita Bonita<br \/>\n02\/03<br \/>\n14h00 \u2013 Vit\u00f3ria 1 x 2 Cascavel<br \/>\n16h00 \u2013 Goi\u00e1s 1 x 1 Assoeva<br \/>\n18h00 \u2013 Moita Bonita 1 x 1\u00a0<strong>Corinthians<\/strong><br \/>\n20h00 \u2013 Carlos Barbosa 2 x 2 Jaragu\u00e1<br \/>\nFolgam \u2013 Minas e Balsas<br \/>\n03\/03<br \/>\n14h00 \u2013 Vit\u00f3ria x Jaragu\u00e1<br \/>\n16h00 \u2013 Balsas x Moita Bonita<br \/>\n18h00 \u2013 Minas x Cascavel<br \/>\n20h00 \u2013 <strong>Corinthians<\/strong> x Goi\u00e1s<br \/>\nFolgam \u2013 Carlos Barbosa e Assoeva<br \/>\n04\/03<br \/>\n14h00 \u2013 Moita Bonita x Goi\u00e1s<br \/>\n16h00 \u2013 Minas x Vit\u00f3ria<br \/>\n18h00 \u2013 Assoeva x Balsas<br \/>\n20h00 \u2013 Carlos Barbosa x Cascavel<br \/>\nFolgam \u2013 Jaragu\u00e1 e <strong>Corinthians<\/strong><br \/>\n05\/03\u00a0&#8211; Semifinal<br \/>\n14h00 \u2013 1\u00ba do Grupo E1\u00a0x 2\u00ba do Grupo\u00a0E2<br \/>\n16h00 \u2013 1\u00ba do Grupo E2\u00a0x 2\u00ba do Grupo\u00a0E1<br \/>\n06\/03\u00a0&#8211; Final<br \/>\n*11h00 \u2013 Vencedor da semifinal 1 x Vencedor da semifinal 2<br \/>\n&nbsp;<br \/>\nPor Assessoria FPFS<br \/>\nCom informa\u00e7\u00f5es: CBFS<br \/>\nFoto: Divulga\u00e7\u00e3o\/ Ulisses Castro\/ACBF<br \/>\n&nbsp;<br \/>\n&nbsp;<br \/>\n&nbsp;<\/p>\n","protected":false},"excerpt":{"rendered":"<p>&nbsp; Na noite da \u00faltima quarta-feira (02), em partida v\u00e1lida pela terceira rodada da Ta\u00e7a Brasil de Clubes, o Corinthians,<\/p>\n","protected":false},"author":1,"featured_media":9299,"comment_status":"closed","ping_status":"open","sticky":false,"template":"","format":"standard","meta":{"footnotes":""},"categories":[32],"tags":[525,648,734,929,1683,1709,2035,2273,2274,2395,2440,2457],"class_list":["post-9297","post","type-post","status-publish","format-standard","has-post-thumbnail","hentry","category-maiores","tag-carlos-barbosa","tag-competicao","tag-corinthians","tag-empate","tag-moita-bonita","tag-nacional","tag-reabilitacao","tag-sergipanos","tag-sergipe","tag-taca-brasil","tag-terceira-rodada","tag-timao"],"_links":{"self":[{"href":"https:\/\/www.federacaopaulistadefutsal.com.br\/novo\/wp-json\/wp\/v2\/posts\/9297","targetHints":{"allow":["GET"]}}],"collection":[{"href":"https:\/\/www.federacaopaulistadefutsal.com.br\/novo\/wp-json\/wp\/v2\/posts"}],"about":[{"href":"https:\/\/www.federacaopaulistadefutsal.com.br\/novo\/wp-json\/wp\/v2\/types\/post"}],"author":[{"embeddable":true,"href":"https:\/\/www.federacaopaulistadefutsal.com.br\/novo\/wp-json\/wp\/v2\/users\/1"}],"replies":[{"embeddable":true,"href":"https:\/\/www.federacaopaulistadefutsal.com.br\/novo\/wp-json\/wp\/v2\/comments?post=9297"}],"version-history":[{"count":0,"href":"https:\/\/www.federacaopaulistadefutsal.com.br\/novo\/wp-json\/wp\/v2\/posts\/9297\/revisions"}],"wp:featuredmedia":[{"embeddable":true,"href":"https:\/\/www.federacaopaulistadefutsal.com.br\/novo\/wp-json\/"}],"wp:attachment":[{"href":"https:\/\/www.federacaopaulistadefutsal.com.br\/novo\/wp-json\/wp\/v2\/media?parent=9297"}],"wp:term":[{"taxonomy":"category","embeddable":true,"href":"https:\/\/www.federacaopaulistadefutsal.com.br\/novo\/wp-json\/wp\/v2\/categories?post=9297"},{"taxonomy":"post_tag","embeddable":true,"href":"https:\/\/www.federacaopaulistadefutsal.com.br\/novo\/wp-json\/wp\/v2\/tags?post=9297"}],"curies":[{"name":"wp","href":"https:\/\/api.w.org\/{rel}","templated":true}]}}