{"id":9324,"date":"2016-03-04T10:00:10","date_gmt":"2016-03-04T10:00:10","guid":{"rendered":"http:\/\/www.federacaopaulistadefutsal.com.br\/?p=9324"},"modified":"2016-03-04T10:00:10","modified_gmt":"2016-03-04T10:00:10","slug":"reformulado-gremio-mogiano-estreia-contra-indaiatuba-na-liga-paulista","status":"publish","type":"post","link":"https:\/\/www.federacaopaulistadefutsal.com.br\/novo\/reformulado-gremio-mogiano-estreia-contra-indaiatuba-na-liga-paulista\/","title":{"rendered":"Reformulado Gr\u00eamio Mogiano estreia contra Indaiatuba na Liga Paulista"},"content":{"rendered":"<p>&nbsp;<br \/>\nCom elenco reformulado, o Gr\u00eamio Mogiano, de Mogi das Cruzes-SP, j\u00e1 sabe quem ir\u00e1 enfrentar em sua estreia na Liga Paulista de Futsal (LPF), principal competi\u00e7\u00e3o das quadras do estado de S\u00e3o Paulo. Comandada por Willer Fernandes, a equipe vai encarar\u00a0a A.D. Indaiatuba, no dia 24 de mar\u00e7o, no gin\u00e1sio Jos\u00e9 Limongi Sobrinho, o &#8220;Botujuru&#8221;.<br \/>\nAp\u00f3s duelar\u00a0contra os indaiatubanos, o Mogiano medir\u00e1 for\u00e7as com o S\u00e3o Paulo\/S\u00e3o Bernardo, em partida marcada para 04 de abril, \u00e0 princ\u00edpio, no gin\u00e1sio do Morumbi, na capital. Antes de estrear pelo torneio estadual, o Gr\u00eamio pegar\u00e1 o Atl\u00e9tico Guarulhense na pr\u00f3xima semana, em amistoso preparat\u00f3rio para a LPF.<br \/>\nPela competi\u00e7\u00e3o paulista, o time de Mogi das Cruzes-SP\u00a0est\u00e1 no grupo B, ao lado das seguintes equipes:\u00a0ADC Intelli\/Orl\u00e2ndia,\u00a0Sorocaba, Dracena, Taubat\u00e9, A.D. Indaiatuba, S\u00e3o Paulo, A.D. S\u00e3o Bernardo e A.A.B.B.;\u00a0Corinthians, atual campe\u00e3o, Atl\u00e9tico Guarulhense, Pompeia, Jacare\u00ed Futsal, A.D. Yoka, A.A. FIB, Pulo do Gato e S\u00e3o Caetano fazem parte do grupo A.<br \/>\nDe acordo com o regulamento da competi\u00e7\u00e3o, o Gr\u00eamio Mogiano\u00a0jogar\u00e1 contra os advers\u00e1rios de sua\u00a0chave em apenas um turno e avan\u00e7ar\u00e1 de fase se alcan\u00e7ar ao menos a sexta posi\u00e7\u00e3o. Os dois primeiros colocados de cada grupo se garantem na terceira fase da Liga Paulista, e as equipes que ficarem entre a terceira e a sexta coloca\u00e7\u00f5es\u00a0nas chaves\u00a0ter\u00e3o que disputar os playoffs do torneio.<br \/>\nPara a temporada 2016, a equipe do t\u00e9cnico Willer Fernandes tem em seu elenco:\u00a0os goleiros Diego e Sinh\u00e1, os fixos\u00a0Juninho, Rodrigo Padilha, Thiago Canhoto e Tom, os alas Alex, Bid, Juninho, Vin\u00edcius e Matheus Anderson, e o piv\u00f4 Luis Negr\u00e3o.<br \/>\n&nbsp;<br \/>\nPor Assessoria FPFS<br \/>\nCom informa\u00e7\u00f5es: Futsal em Pauta<br \/>\nFoto:\u00a0Reprodu\u00e7\u00e3o\/Futsal em Pauta<br \/>\n&nbsp;<br \/>\n&nbsp;<br \/>\n&nbsp;<\/p>\n","protected":false},"excerpt":{"rendered":"<p>&nbsp; Com elenco reformulado, o Gr\u00eamio Mogiano, de Mogi das Cruzes-SP, j\u00e1 sabe quem ir\u00e1 enfrentar em sua estreia na<\/p>\n","protected":false},"author":1,"featured_media":9325,"comment_status":"closed","ping_status":"open","sticky":false,"template":"","format":"standard","meta":{"footnotes":""},"categories":[31,32],"tags":[74,911,1222,1525,1556,1678,1680,2067,2430,2618],"class_list":["post-9324","post","type-post","status-publish","format-standard","has-post-thumbnail","hentry","category-liga-paulista-de-futsal","category-maiores","tag-74","tag-elenco","tag-gremio","tag-liga-paulista","tag-lpf","tag-mogi-das-cruzes","tag-mogiano","tag-reformulado","tag-temporada","tag-willer-fernandes"],"_links":{"self":[{"href":"https:\/\/www.federacaopaulistadefutsal.com.br\/novo\/wp-json\/wp\/v2\/posts\/9324","targetHints":{"allow":["GET"]}}],"collection":[{"href":"https:\/\/www.federacaopaulistadefutsal.com.br\/novo\/wp-json\/wp\/v2\/posts"}],"about":[{"href":"https:\/\/www.federacaopaulistadefutsal.com.br\/novo\/wp-json\/wp\/v2\/types\/post"}],"author":[{"embeddable":true,"href":"https:\/\/www.federacaopaulistadefutsal.com.br\/novo\/wp-json\/wp\/v2\/users\/1"}],"replies":[{"embeddable":true,"href":"https:\/\/www.federacaopaulistadefutsal.com.br\/novo\/wp-json\/wp\/v2\/comments?post=9324"}],"version-history":[{"count":0,"href":"https:\/\/www.federacaopaulistadefutsal.com.br\/novo\/wp-json\/wp\/v2\/posts\/9324\/revisions"}],"wp:featuredmedia":[{"embeddable":true,"href":"https:\/\/www.federacaopaulistadefutsal.com.br\/novo\/wp-json\/"}],"wp:attachment":[{"href":"https:\/\/www.federacaopaulistadefutsal.com.br\/novo\/wp-json\/wp\/v2\/media?parent=9324"}],"wp:term":[{"taxonomy":"category","embeddable":true,"href":"https:\/\/www.federacaopaulistadefutsal.com.br\/novo\/wp-json\/wp\/v2\/categories?post=9324"},{"taxonomy":"post_tag","embeddable":true,"href":"https:\/\/www.federacaopaulistadefutsal.com.br\/novo\/wp-json\/wp\/v2\/tags?post=9324"}],"curies":[{"name":"wp","href":"https:\/\/api.w.org\/{rel}","templated":true}]}}