{"id":9378,"date":"2016-03-07T11:00:51","date_gmt":"2016-03-07T11:00:51","guid":{"rendered":"http:\/\/www.federacaopaulistadefutsal.com.br\/?p=9378"},"modified":"2016-03-07T11:00:51","modified_gmt":"2016-03-07T11:00:51","slug":"retrospectiva-lpf-relembre-a-campanha-do-corinthians-campeao-em-2015","status":"publish","type":"post","link":"https:\/\/www.federacaopaulistadefutsal.com.br\/novo\/retrospectiva-lpf-relembre-a-campanha-do-corinthians-campeao-em-2015\/","title":{"rendered":"Retrospectiva LPF: Relembre a campanha do Corinthians campe\u00e3o em 2015"},"content":{"rendered":"<p>&nbsp;<br \/>\nEm 2015, pela d\u00e9cima vez em sua hist\u00f3ria, o Corinthians sagrou-se campe\u00e3o estadual\u00a0de futsal, vencendo a Liga Paulista, competi\u00e7\u00e3o denominada assim desde 2012. Por conta de tal conquista, o Tim\u00e3o conseguiu manter uma hegemonia de, pelo menos, levantar uma ta\u00e7a por temporada, pois em 2013 o alvinegro venceu a LPF e, no ano seguinte, a Ta\u00e7a Brasil de Clubes. Relembre o t\u00edtulo de 2015!<br \/>\nDurante a primeira fase da Liga Paulista de Futsal (LPF), o time do Parque S\u00e3o Jorge realizou uma campanha de 13 vit\u00f3rias, 3 empates e 4 derrotas, marcando 64 gols contra 36 sofridos. Depois de se classificar em segundo lugar na classifica\u00e7\u00e3o geral do torneio, atr\u00e1s apenas do Orl\u00e2ndia, que seria o advers\u00e1rio da decis\u00e3o, o Corinthians encarou o S\u00e3o Paulo nas quartas de final e, vencendo os dois jogos por goleada de 4 a 1, e 2 a 1, avan\u00e7ou \u00e0 semifinal.<br \/>\nNa semifinal da LPF, o Tim\u00e3o pegou o Sorocaba, do craque Falc\u00e3o e, perdendo a partida de ida pelo placar de 3 a 2, mas vencendo em casa por 2 a 1 e, na prorroga\u00e7\u00e3o, por 4 a 0, conseguiu se classificar \u00e0 grande final da competi\u00e7\u00e3o paulista, onde iria disputar cl\u00e1ssico contra a Intelli, que havia batido o S\u00e3o Jos\u00e9 Futsal.<br \/>\nEm emocionante confronto\u00a0nas quatro linhas, v\u00e1lido pelo primeiro duelo da final\u00edssima da Liga Paulista, o Tim\u00e3o recebeu o Orl\u00e2ndia no gin\u00e1sio do Parque S\u00e3o Jorge e, diante de sua torcida, venceu pelo placar de 6 a 4, levando a vantagem do empate para o segundo e decisivo jogo. Na partida de volta, o time orlandino conseguiu reverter o resultado no tempo normal em seus dom\u00ednios, vit\u00f3ria por 4 a 2, por\u00e9m o alvinegro, com gol de Simi na prorroga\u00e7\u00e3o, conquistou seu d\u00e9cimo t\u00edtulo paulista, em pleno gin\u00e1sio Maur\u00edcio Leite de Moraes, casa da equipe gren\u00e1.<br \/>\nAo t\u00e9rmino da Liga Paulista de Futsal (LPF), o Corinthians teve os seguintes atletas como artilheiros: Simi e Elisandro, ambos com 11 gols, e Deives, logo atr\u00e1s, com 9. Curiosamente, dos 64 gols marcados pelo &#8220;Time do povo&#8221; no torneio, 17 (26% deles) aconteceram nas partidas da equipe na semifinal e final.<br \/>\n&nbsp;<br \/>\nPor Assessoria FPFS<br \/>\nCom informa\u00e7\u00f5es: Corinthians Futsal<br \/>\nFoto: Divulga\u00e7\u00e3o\/Ag\u00eancia Corinthians<\/p>\n","protected":false},"excerpt":{"rendered":"<p>&nbsp; Em 2015, pela d\u00e9cima vez em sua hist\u00f3ria, o Corinthians sagrou-se campe\u00e3o estadual\u00a0de futsal, vencendo a Liga Paulista, competi\u00e7\u00e3o<\/p>\n","protected":false},"author":1,"featured_media":9380,"comment_status":"closed","ping_status":"open","sticky":false,"template":"","format":"standard","meta":{"footnotes":""},"categories":[31,32],"tags":[73,203,469,734,975,1525,1556,2107,2217,2457,2514],"class_list":["post-9378","post","type-post","status-publish","format-standard","has-post-thumbnail","hentry","category-liga-paulista-de-futsal","category-maiores","tag-73","tag-alvinegro","tag-campeao","tag-corinthians","tag-estadual","tag-liga-paulista","tag-lpf","tag-retrospectiva","tag-sccp","tag-timao","tag-ultima-temporada"],"_links":{"self":[{"href":"https:\/\/www.federacaopaulistadefutsal.com.br\/novo\/wp-json\/wp\/v2\/posts\/9378","targetHints":{"allow":["GET"]}}],"collection":[{"href":"https:\/\/www.federacaopaulistadefutsal.com.br\/novo\/wp-json\/wp\/v2\/posts"}],"about":[{"href":"https:\/\/www.federacaopaulistadefutsal.com.br\/novo\/wp-json\/wp\/v2\/types\/post"}],"author":[{"embeddable":true,"href":"https:\/\/www.federacaopaulistadefutsal.com.br\/novo\/wp-json\/wp\/v2\/users\/1"}],"replies":[{"embeddable":true,"href":"https:\/\/www.federacaopaulistadefutsal.com.br\/novo\/wp-json\/wp\/v2\/comments?post=9378"}],"version-history":[{"count":0,"href":"https:\/\/www.federacaopaulistadefutsal.com.br\/novo\/wp-json\/wp\/v2\/posts\/9378\/revisions"}],"wp:featuredmedia":[{"embeddable":true,"href":"https:\/\/www.federacaopaulistadefutsal.com.br\/novo\/wp-json\/"}],"wp:attachment":[{"href":"https:\/\/www.federacaopaulistadefutsal.com.br\/novo\/wp-json\/wp\/v2\/media?parent=9378"}],"wp:term":[{"taxonomy":"category","embeddable":true,"href":"https:\/\/www.federacaopaulistadefutsal.com.br\/novo\/wp-json\/wp\/v2\/categories?post=9378"},{"taxonomy":"post_tag","embeddable":true,"href":"https:\/\/www.federacaopaulistadefutsal.com.br\/novo\/wp-json\/wp\/v2\/tags?post=9378"}],"curies":[{"name":"wp","href":"https:\/\/api.w.org\/{rel}","templated":true}]}}