{"id":9439,"date":"2016-03-09T14:40:15","date_gmt":"2016-03-09T14:40:15","guid":{"rendered":"http:\/\/www.federacaopaulistadefutsal.com.br\/?p=9439"},"modified":"2016-03-09T14:40:15","modified_gmt":"2016-03-09T14:40:15","slug":"visando-liga-paulista-gremio-mogiano-encara-aruja-no-botujuru","status":"publish","type":"post","link":"https:\/\/www.federacaopaulistadefutsal.com.br\/novo\/visando-liga-paulista-gremio-mogiano-encara-aruja-no-botujuru\/","title":{"rendered":"Visando Liga Paulista, Gr\u00eamio Mogiano encara Aruj\u00e1 no &quot;Botujuru&quot;"},"content":{"rendered":"<p>&nbsp;<br \/>\nNesta quarta-feira (09), em jogo amistoso, a equipe do Gr\u00eamio Mogiano medir\u00e1 for\u00e7as com Aruj\u00e1, do interior de S\u00e3o Paulo. Visando sua participa\u00e7\u00e3o na Liga Paulista de Futsal (LPF), o time de Mogi das Cruzes-SP vai encarar o arujaense a partir das 19h45, em seus dom\u00ednios, no gin\u00e1sio Professor Jos\u00e9 Limongi Sobrinho, o &#8220;Botujuru&#8221;; a entrada \u00e9\u00a0franca aos torcedores.<br \/>\nPela competi\u00e7\u00e3o paulista, o Gr\u00eamio\u00a0est\u00e1 no grupo B, ao lado das seguintes equipes:\u00a0ADC Intelli\/Orl\u00e2ndia,\u00a0Sorocaba, Dracena, Taubat\u00e9, A.D. Indaiatuba, S\u00e3o Paulo, A.D. S\u00e3o Bernardo e A.A.B.B.;\u00a0Corinthians, atual campe\u00e3o, Atl\u00e9tico Guarulhense, Pompeia, Jacare\u00ed Futsal, A.D. Yoka, A.A. FIB, Pulo do Gato,\u00a0S\u00e3o Caetano e S\u00e3o Jos\u00e9 fazem parte do grupo A.<br \/>\nDe acordo com o regulamento do campeonato, o Mogiano\u00a0jogar\u00e1 contra os advers\u00e1rios de sua\u00a0chave em apenas um turno e avan\u00e7ar\u00e1 de fase se alcan\u00e7ar ao menos a sexta posi\u00e7\u00e3o. Os dois primeiros colocados de cada grupo se garantir\u00e3o na terceira fase da Liga Paulista, e as equipes que ficarem entre as terceira e sexta coloca\u00e7\u00f5es\u00a0nas chaves\u00a0ter\u00e3o que disputar os playoffs do torneio.<br \/>\n<strong>Gr\u00eamio Mogiano vers\u00e3o 2016<\/strong><br \/>\nPara a temporada 2016, o time\u00a0do t\u00e9cnico Willer Fernandes tem em seu elenco:\u00a0os goleiros Diego e Sinh\u00e1, os fixos\u00a0Juninho, Rodrigo Padilha, Thiago Canhoto e Tom, os alas Alex, Bid, Juninho, Vin\u00edcius e Matheus Anderson, e o piv\u00f4 Luis Negr\u00e3o.<br \/>\n&nbsp;<br \/>\nPor Assessoria FPFS<br \/>\nCom informa\u00e7\u00f5es: Futsal em Pauta<br \/>\nFoto: Reprodu\u00e7\u00e3o\/Futsal em Pauta<br \/>\n&nbsp;<br \/>\n&nbsp;<\/p>\n","protected":false},"excerpt":{"rendered":"<p>&nbsp; Nesta quarta-feira (09), em jogo amistoso, a equipe do Gr\u00eamio Mogiano medir\u00e1 for\u00e7as com Aruj\u00e1, do interior de S\u00e3o<\/p>\n","protected":false},"author":1,"featured_media":9440,"comment_status":"closed","ping_status":"open","sticky":false,"template":"","format":"standard","meta":{"footnotes":""},"categories":[31,32],"tags":[218,280,281,648,1222,1423,1525,1556,1678,1680,1681,1943,2596],"class_list":["post-9439","post","type-post","status-publish","format-standard","has-post-thumbnail","hentry","category-liga-paulista-de-futsal","category-maiores","tag-amistoso","tag-aruja","tag-arujaenses","tag-competicao","tag-gremio","tag-jogo-treino","tag-liga-paulista","tag-lpf","tag-mogi-das-cruzes","tag-mogiano","tag-mogianos","tag-prefeitura","tag-visando"],"_links":{"self":[{"href":"https:\/\/www.federacaopaulistadefutsal.com.br\/novo\/wp-json\/wp\/v2\/posts\/9439","targetHints":{"allow":["GET"]}}],"collection":[{"href":"https:\/\/www.federacaopaulistadefutsal.com.br\/novo\/wp-json\/wp\/v2\/posts"}],"about":[{"href":"https:\/\/www.federacaopaulistadefutsal.com.br\/novo\/wp-json\/wp\/v2\/types\/post"}],"author":[{"embeddable":true,"href":"https:\/\/www.federacaopaulistadefutsal.com.br\/novo\/wp-json\/wp\/v2\/users\/1"}],"replies":[{"embeddable":true,"href":"https:\/\/www.federacaopaulistadefutsal.com.br\/novo\/wp-json\/wp\/v2\/comments?post=9439"}],"version-history":[{"count":0,"href":"https:\/\/www.federacaopaulistadefutsal.com.br\/novo\/wp-json\/wp\/v2\/posts\/9439\/revisions"}],"wp:featuredmedia":[{"embeddable":true,"href":"https:\/\/www.federacaopaulistadefutsal.com.br\/novo\/wp-json\/"}],"wp:attachment":[{"href":"https:\/\/www.federacaopaulistadefutsal.com.br\/novo\/wp-json\/wp\/v2\/media?parent=9439"}],"wp:term":[{"taxonomy":"category","embeddable":true,"href":"https:\/\/www.federacaopaulistadefutsal.com.br\/novo\/wp-json\/wp\/v2\/categories?post=9439"},{"taxonomy":"post_tag","embeddable":true,"href":"https:\/\/www.federacaopaulistadefutsal.com.br\/novo\/wp-json\/wp\/v2\/tags?post=9439"}],"curies":[{"name":"wp","href":"https:\/\/api.w.org\/{rel}","templated":true}]}}