{"id":9500,"date":"2016-03-11T14:26:04","date_gmt":"2016-03-11T14:26:04","guid":{"rendered":"http:\/\/www.federacaopaulistadefutsal.com.br\/?p=9500"},"modified":"2016-03-11T14:26:04","modified_gmt":"2016-03-11T14:26:04","slug":"apos-taca-brasil-corinthians-estreia-contra-atletico-guarulhense-pela-lpf","status":"publish","type":"post","link":"https:\/\/www.federacaopaulistadefutsal.com.br\/novo\/apos-taca-brasil-corinthians-estreia-contra-atletico-guarulhense-pela-lpf\/","title":{"rendered":"Ap\u00f3s Ta\u00e7a Brasil, Corinthians estreia contra Atl\u00e9tico Guarulhense pela LPF"},"content":{"rendered":"<p>&nbsp;<br \/>\nDepois de disputar a Ta\u00e7a Brasil de Clubes, competi\u00e7\u00e3o nacional em que chegou at\u00e9 a semifinal e foi eliminado pelo Carlos Barbosa (RS), o Corinthians concentra, agora, suas for\u00e7as e aten\u00e7\u00f5es para a Liga Paulista de Futsal (LPF). Pelo torneio estadual, o alvinegro vai estrear na pr\u00f3xima segunda-feira (14), em partida contra o Atl\u00e9tico Guarulhense, a partir das 19h45, no gin\u00e1sio do Parque S\u00e3o Jorge, em S\u00e3o Paulo-SP.<br \/>\nAtual campe\u00e3o da LPF, na sequ\u00eancia, o Tim\u00e3o medir\u00e1 for\u00e7as com o Jacare\u00ed, em confronto marcado para acontecer na sexta-feira (18), \u00e0s 19h45, tamb\u00e9m na casa da\u00a0equipe da capital. Comandado pelo t\u00e9cnico Fernando Ferretti, o &#8220;Time do povo&#8221; est\u00e1 no grupo A, ao lado dos seguintes clubes:\u00a0Atl\u00e9tico Guarulhense, Pompeia, Jacare\u00ed Futsal, A.D. Yoka, A.A. FIB, Pulo do Gato,\u00a0S\u00e3o Caetano e S\u00e3o Jos\u00e9;\u00a0ADC Intelli\/Orl\u00e2ndia,\u00a0Sorocaba, Dracena, Gr\u00eamio Mogiano, Taubat\u00e9, A.D. Indaiatuba, S\u00e3o Paulo, A.D. S\u00e3o Bernardo e A.A.B.B fazem parte do grupo B.<br \/>\nDe acordo com o regulamento do campeonato, o Corinthians\u00a0jogar\u00e1 contra os advers\u00e1rios de sua\u00a0chave em apenas um turno e avan\u00e7ar\u00e1 de fase se alcan\u00e7ar ao menos a sexta posi\u00e7\u00e3o. Os dois primeiros colocados de cada grupo se garantir\u00e3o na terceira fase da Liga Paulista, e as equipes que ficarem entre as terceira e sexta coloca\u00e7\u00f5es\u00a0nas chaves\u00a0ter\u00e3o que disputar os playoffs do torneio.<br \/>\n<strong>O Corinthians vers\u00e3o 2016\u00a0<\/strong><br \/>\n<strong>Goleiros &#8211;<\/strong> Guitta, Careca e Luis Gustavo.<br \/>\n<strong>Fixos &#8211;<\/strong> Douglas, \u00cdndio, Jamal, Munin e Nen\u00ea.<br \/>\n<strong>Alas &#8211;<\/strong> Arthur, Leandro Caires, Leandro Lino, Marcel, Pepita e Rafa.<br \/>\n<strong>Piv\u00f4s &#8211;<\/strong> Deives, Rocha e Vander Carioca.<br \/>\n&nbsp;<br \/>\nPor Assessoria FPFS<br \/>\nCom informa\u00e7\u00f5es: Futsal em Pauta<br \/>\nFoto: Divulga\u00e7\u00e3o\/ Ulisses Castro\/ACBF<br \/>\n&nbsp;<\/p>\n","protected":false},"excerpt":{"rendered":"<p>&nbsp; Depois de disputar a Ta\u00e7a Brasil de Clubes, competi\u00e7\u00e3o nacional em que chegou at\u00e9 a semifinal e foi eliminado<\/p>\n","protected":false},"author":1,"featured_media":9320,"comment_status":"closed","ping_status":"open","sticky":false,"template":"","format":"standard","meta":{"footnotes":""},"categories":[31,32],"tags":[203,313,734,987,1247,1525,1556,1819,2217,2457],"class_list":["post-9500","post","type-post","status-publish","format-standard","has-post-thumbnail","hentry","category-liga-paulista-de-futsal","category-maiores","tag-alvinegro","tag-atletico-guarulhense","tag-corinthians","tag-estreia","tag-guarulhos","tag-liga-paulista","tag-lpf","tag-parque-sao-jorge","tag-sccp","tag-timao"],"_links":{"self":[{"href":"https:\/\/www.federacaopaulistadefutsal.com.br\/novo\/wp-json\/wp\/v2\/posts\/9500","targetHints":{"allow":["GET"]}}],"collection":[{"href":"https:\/\/www.federacaopaulistadefutsal.com.br\/novo\/wp-json\/wp\/v2\/posts"}],"about":[{"href":"https:\/\/www.federacaopaulistadefutsal.com.br\/novo\/wp-json\/wp\/v2\/types\/post"}],"author":[{"embeddable":true,"href":"https:\/\/www.federacaopaulistadefutsal.com.br\/novo\/wp-json\/wp\/v2\/users\/1"}],"replies":[{"embeddable":true,"href":"https:\/\/www.federacaopaulistadefutsal.com.br\/novo\/wp-json\/wp\/v2\/comments?post=9500"}],"version-history":[{"count":0,"href":"https:\/\/www.federacaopaulistadefutsal.com.br\/novo\/wp-json\/wp\/v2\/posts\/9500\/revisions"}],"wp:featuredmedia":[{"embeddable":true,"href":"https:\/\/www.federacaopaulistadefutsal.com.br\/novo\/wp-json\/"}],"wp:attachment":[{"href":"https:\/\/www.federacaopaulistadefutsal.com.br\/novo\/wp-json\/wp\/v2\/media?parent=9500"}],"wp:term":[{"taxonomy":"category","embeddable":true,"href":"https:\/\/www.federacaopaulistadefutsal.com.br\/novo\/wp-json\/wp\/v2\/categories?post=9500"},{"taxonomy":"post_tag","embeddable":true,"href":"https:\/\/www.federacaopaulistadefutsal.com.br\/novo\/wp-json\/wp\/v2\/tags?post=9500"}],"curies":[{"name":"wp","href":"https:\/\/api.w.org\/{rel}","templated":true}]}}