{"id":9621,"date":"2016-03-17T21:00:45","date_gmt":"2016-03-17T21:00:45","guid":{"rendered":"http:\/\/www.federacaopaulistadefutsal.com.br\/?p=9621"},"modified":"2016-03-17T21:00:45","modified_gmt":"2016-03-17T21:00:45","slug":"vale-do-paraiba-taubate-faz-sete-contra-paraibuna-em-jogo-treino","status":"publish","type":"post","link":"https:\/\/www.federacaopaulistadefutsal.com.br\/novo\/vale-do-paraiba-taubate-faz-sete-contra-paraibuna-em-jogo-treino\/","title":{"rendered":"Vale do Para\u00edba: Taubat\u00e9 faz sete contra Paraibuna em jogo-treino"},"content":{"rendered":"<p>&nbsp;<br \/>\nNa \u00faltima ter\u00e7a-feira (15), o Taubat\u00e9, time do Vale do Para\u00edba, encarou o Paraibuna em jogo-treino e venceu por goleada de 7 a 1, no gin\u00e1sio da Vila Aparecida. Os gols da equipe taubateana foram marcados por\u00a0Hernandes (2), Max (2), Vitinho, Kaique e, por fim, Lucas.<br \/>\nApesar do resultado &#8220;el\u00e1stico&#8221;, com cautela, Bruno Zuchinalli, t\u00e9cnico do clube do interior de S\u00e3o Paulo, avaliou seus comandados:\u00a0<strong>&#8220;O time entrou mais solto em quadra e melhoramos a nossa marca\u00e7\u00e3o em rela\u00e7\u00e3o ao primeiro teste contra o Yoka Guar\u00e1, no m\u00eas passado. Tamb\u00e9m fizemos boas finaliza\u00e7\u00f5es e trabalhamos algumas jogadas de bola parada, por\u00e9m ainda falta mais intensidade e volume de jogo para o grupo criar mais&#8221;,\u00a0<\/strong>disse o treinador.<br \/>\nA partida, que al\u00e9m de preparar o Taubat\u00e9 para a Liga Paulista de Futsal (LPF), serviu tamb\u00e9m para Zuchinalli testar as &#8220;pe\u00e7as&#8221; de seu elenco. Ele declarou o seguinte a respeito:\u00a0<strong>&#8220;\u00c9 muito importante colocar todos os jogadores em quadra, principalmente os mais jovens. Quem tamb\u00e9m n\u00e3o teve oportunidade anteriormente pode ganhar mais ritmo, j\u00e1 pensando na estreia do Estadual&#8221;,\u00a0<\/strong>finalizou o t\u00e9cnico.<br \/>\nPela LPF, a estreia do time taubateano est\u00e1 prevista para acontecer no dia 07 de abril, em jogo diante da A.D. Indaiatuba, fora de casa.<br \/>\n&nbsp;<br \/>\nPor Assessoria FPFS<br \/>\nCom informa\u00e7\u00f5es: Top 10 Comunica\u00e7\u00e3o<br \/>\nFoto: Divulga\u00e7\u00e3o\/ Jonas Barbetta\/Top 10 Comunica\u00e7\u00e3o<br \/>\n&nbsp;<\/p>\n","protected":false},"excerpt":{"rendered":"<p>&nbsp; Na \u00faltima ter\u00e7a-feira (15), o Taubat\u00e9, time do Vale do Para\u00edba, encarou o Paraibuna em jogo-treino e venceu por<\/p>\n","protected":false},"author":1,"featured_media":9622,"comment_status":"closed","ping_status":"open","sticky":false,"template":"","format":"standard","meta":{"footnotes":""},"categories":[29,32],"tags":[218,671,908,1201,1334,1423,1608,1812,2295,2414,2419,2548,2603],"class_list":["post-9621","post","type-post","status-publish","format-standard","has-post-thumbnail","hentry","category-interior","category-maiores","tag-amistoso","tag-confronto","tag-elastico","tag-goleada","tag-interior","tag-jogo-treino","tag-massacre","tag-paraibuna","tag-sete","tag-taubate","tag-taubateanos","tag-vale-do-paraiba","tag-vitoria"],"_links":{"self":[{"href":"https:\/\/www.federacaopaulistadefutsal.com.br\/novo\/wp-json\/wp\/v2\/posts\/9621","targetHints":{"allow":["GET"]}}],"collection":[{"href":"https:\/\/www.federacaopaulistadefutsal.com.br\/novo\/wp-json\/wp\/v2\/posts"}],"about":[{"href":"https:\/\/www.federacaopaulistadefutsal.com.br\/novo\/wp-json\/wp\/v2\/types\/post"}],"author":[{"embeddable":true,"href":"https:\/\/www.federacaopaulistadefutsal.com.br\/novo\/wp-json\/wp\/v2\/users\/1"}],"replies":[{"embeddable":true,"href":"https:\/\/www.federacaopaulistadefutsal.com.br\/novo\/wp-json\/wp\/v2\/comments?post=9621"}],"version-history":[{"count":0,"href":"https:\/\/www.federacaopaulistadefutsal.com.br\/novo\/wp-json\/wp\/v2\/posts\/9621\/revisions"}],"wp:featuredmedia":[{"embeddable":true,"href":"https:\/\/www.federacaopaulistadefutsal.com.br\/novo\/wp-json\/"}],"wp:attachment":[{"href":"https:\/\/www.federacaopaulistadefutsal.com.br\/novo\/wp-json\/wp\/v2\/media?parent=9621"}],"wp:term":[{"taxonomy":"category","embeddable":true,"href":"https:\/\/www.federacaopaulistadefutsal.com.br\/novo\/wp-json\/wp\/v2\/categories?post=9621"},{"taxonomy":"post_tag","embeddable":true,"href":"https:\/\/www.federacaopaulistadefutsal.com.br\/novo\/wp-json\/wp\/v2\/tags?post=9621"}],"curies":[{"name":"wp","href":"https:\/\/api.w.org\/{rel}","templated":true}]}}