{"id":9639,"date":"2016-03-18T14:22:25","date_gmt":"2016-03-18T14:22:25","guid":{"rendered":"http:\/\/www.federacaopaulistadefutsal.com.br\/?p=9639"},"modified":"2016-03-18T14:22:25","modified_gmt":"2016-03-18T14:22:25","slug":"apos-golear-na-estreia-corinthians-encara-jacarei-pela-segunda-rodada-da-lpf","status":"publish","type":"post","link":"https:\/\/www.federacaopaulistadefutsal.com.br\/novo\/apos-golear-na-estreia-corinthians-encara-jacarei-pela-segunda-rodada-da-lpf\/","title":{"rendered":"Ap\u00f3s golear na estreia, Corinthians encara Jacare\u00ed pela segunda rodada da LPF"},"content":{"rendered":"<p>&nbsp;<br \/>\nAp\u00f3s vencer o Atl\u00e9tico Guarulhense na estreia por goleada de 7 a 1, o Corinthians, nesta sexta-feira (18), vai encarar o Jacare\u00ed, em partida v\u00e1lida pela segunda rodada da Liga Paulista de Futsal (LPF). O jogo entre os times da capital e do interior est\u00e1 marcado para \u00e0s 19h45, no gin\u00e1sio do Parque S\u00e3o Jorge, em S\u00e3o Paulo-SP, com entrada franca aos torcedores.<br \/>\n<strong>A vit\u00f3ria do Tim\u00e3o contra o &#8220;Galo&#8221; na primeira rodada\u00a0<\/strong><br \/>\nOs gols da vit\u00f3ria\u00a0do &#8220;Time do povo&#8221; foram marcados por Edgard, Leandro Lino, Douglas, Marcel, Leandro Caires e, por fim, pelo ala\/piv\u00f4 Deives. Comandado pelo t\u00e9cnico Fernando Ferretti, o elenco corintiano, depois de disputar a Ta\u00e7a Brasil, sendo eliminado na semifinal, concentra suas for\u00e7as e aten\u00e7\u00f5es na LPF, competi\u00e7\u00e3o em que buscar\u00e1 o bicampeonato consecutivo, j\u00e1 que a\u00a0venceu em 2015.<br \/>\n<strong>O Corinthians na estreia da LNF<\/strong><br \/>\nAl\u00e9m do principal campeonato das quadras do estado de S\u00e3o Paulo, o alvinegro\u00a0vai disputar a Liga Nacional de Futsal (LNF), torneio previsto para se iniciar na segunda semana de abril. Pela LNF, o Corinthians medir\u00e1 for\u00e7as com o Tubar\u00e3o, de Santa Catarina, no duelo de estreia. O jogo entre paulistas e catarinenses deve acontecer no dia 15,\u00a0\u00e0s\u00a020h15, na casa da equipe do sul do pa\u00eds.<br \/>\n&nbsp;<br \/>\nPor Assessoria FPFS<br \/>\nFoto: Divulga\u00e7\u00e3o\/ Ulisses Castro\/ACBF<br \/>\n&nbsp;<br \/>\n&nbsp;<br \/>\n&nbsp;<\/p>\n","protected":false},"excerpt":{"rendered":"<p>&nbsp; Ap\u00f3s vencer o Atl\u00e9tico Guarulhense na estreia por goleada de 7 a 1, o Corinthians, nesta sexta-feira (18), vai<\/p>\n","protected":false},"author":1,"featured_media":9640,"comment_status":"closed","ping_status":"open","sticky":false,"template":"","format":"standard","meta":{"footnotes":""},"categories":[31,32],"tags":[203,509,734,888,1334,1380,1382,1525,1556,1819,2226,2457],"class_list":["post-9639","post","type-post","status-publish","format-standard","has-post-thumbnail","hentry","category-liga-paulista-de-futsal","category-maiores","tag-alvinegro","tag-capital","tag-corinthians","tag-duelo","tag-interior","tag-jacarei","tag-jacareienses","tag-liga-paulista","tag-lpf","tag-parque-sao-jorge","tag-segunda-rodada","tag-timao"],"_links":{"self":[{"href":"https:\/\/www.federacaopaulistadefutsal.com.br\/novo\/wp-json\/wp\/v2\/posts\/9639","targetHints":{"allow":["GET"]}}],"collection":[{"href":"https:\/\/www.federacaopaulistadefutsal.com.br\/novo\/wp-json\/wp\/v2\/posts"}],"about":[{"href":"https:\/\/www.federacaopaulistadefutsal.com.br\/novo\/wp-json\/wp\/v2\/types\/post"}],"author":[{"embeddable":true,"href":"https:\/\/www.federacaopaulistadefutsal.com.br\/novo\/wp-json\/wp\/v2\/users\/1"}],"replies":[{"embeddable":true,"href":"https:\/\/www.federacaopaulistadefutsal.com.br\/novo\/wp-json\/wp\/v2\/comments?post=9639"}],"version-history":[{"count":0,"href":"https:\/\/www.federacaopaulistadefutsal.com.br\/novo\/wp-json\/wp\/v2\/posts\/9639\/revisions"}],"wp:featuredmedia":[{"embeddable":true,"href":"https:\/\/www.federacaopaulistadefutsal.com.br\/novo\/wp-json\/"}],"wp:attachment":[{"href":"https:\/\/www.federacaopaulistadefutsal.com.br\/novo\/wp-json\/wp\/v2\/media?parent=9639"}],"wp:term":[{"taxonomy":"category","embeddable":true,"href":"https:\/\/www.federacaopaulistadefutsal.com.br\/novo\/wp-json\/wp\/v2\/categories?post=9639"},{"taxonomy":"post_tag","embeddable":true,"href":"https:\/\/www.federacaopaulistadefutsal.com.br\/novo\/wp-json\/wp\/v2\/tags?post=9639"}],"curies":[{"name":"wp","href":"https:\/\/api.w.org\/{rel}","templated":true}]}}