{"id":9656,"date":"2016-03-20T18:16:27","date_gmt":"2016-03-20T18:16:27","guid":{"rendered":"http:\/\/www.federacaopaulistadefutsal.com.br\/?p=9656"},"modified":"2016-03-20T18:16:27","modified_gmt":"2016-03-20T18:16:27","slug":"em-gramado-rs-orlandia-perde-para-atlantico-em-torneio-de-pre-temporada","status":"publish","type":"post","link":"https:\/\/www.federacaopaulistadefutsal.com.br\/novo\/em-gramado-rs-orlandia-perde-para-atlantico-em-torneio-de-pre-temporada\/","title":{"rendered":"Em Gramado-RS, Orl\u00e2ndia perde para Atl\u00e2ntico em torneio de pr\u00e9-temporada"},"content":{"rendered":"<p>&nbsp;<br \/>\nNa \u00faltima sexta-feira (18), em partida v\u00e1lida pelo torneio de pr\u00e9-temporada de Gramado-RS, a ADC Intelli\/Orl\u00e2ndia encarou o Atl\u00e2ntico Erechim, do Rio Grande do Sul, atual campe\u00e3o mundial de futsal. O time orlandino perdeu pelo placar de 4 a 2, em jogo que aconteceu no gin\u00e1sio Perin\u00e3o, em Gramado-RS, e ficou com a terceira coloca\u00e7\u00e3o na competi\u00e7\u00e3o.<br \/>\nOs gols da vit\u00f3ria da equipe ga\u00facha foram marcados por Dudu, Vilian, &#8220;L\u00e9&#8221;, e, por fim, Camargo, que fez\u00a0o quarto. Para os paulistas, Jackson, o &#8220;Samurai&#8221;, e Cabre\u00fava fizeram os deles.<br \/>\nAgora, a Intelli, comandada pelo t\u00e9cnico Cid\u00e3o, concentra suas for\u00e7as e aten\u00e7\u00f5es na Liga Paulista de Futsal (LPF), principal campeonato das quadras do estado de S\u00e3o Paulo. Pelo torneio estadual, o Orl\u00e2ndia vai encarar a A.A.B.B., da capital, na pr\u00f3xima quarta-feira (23), em confronto v\u00e1lido pela estreia na competi\u00e7\u00e3o.<br \/>\n&nbsp;<br \/>\nPor Assessoria FPFS<br \/>\nCom informa\u00e7\u00f5es: ADC Intelli<br \/>\nFoto: Divulga\u00e7\u00e3o\/ Luan Amaral\/ADC Intelli<br \/>\n&nbsp;<\/p>\n","protected":false},"excerpt":{"rendered":"<p>&nbsp; Na \u00faltima sexta-feira (18), em partida v\u00e1lida pelo torneio de pr\u00e9-temporada de Gramado-RS, a ADC Intelli\/Orl\u00e2ndia encarou o Atl\u00e2ntico<\/p>\n","protected":false},"author":1,"featured_media":9658,"comment_status":"closed","ping_status":"open","sticky":false,"template":"","format":"standard","meta":{"footnotes":""},"categories":[29,32],"tags":[306,807,950,1178,1212,1323,1789,1841,1865,1937,2123,2473],"class_list":["post-9656","post","type-post","status-publish","format-standard","has-post-thumbnail","hentry","category-interior","category-maiores","tag-atlantico","tag-derrota","tag-erechim","tag-gauchos","tag-gramado","tag-intelli","tag-orlandia","tag-paulistas","tag-perdeu","tag-pre-temporada","tag-rio-grande-do-sul","tag-torneio"],"_links":{"self":[{"href":"https:\/\/www.federacaopaulistadefutsal.com.br\/novo\/wp-json\/wp\/v2\/posts\/9656","targetHints":{"allow":["GET"]}}],"collection":[{"href":"https:\/\/www.federacaopaulistadefutsal.com.br\/novo\/wp-json\/wp\/v2\/posts"}],"about":[{"href":"https:\/\/www.federacaopaulistadefutsal.com.br\/novo\/wp-json\/wp\/v2\/types\/post"}],"author":[{"embeddable":true,"href":"https:\/\/www.federacaopaulistadefutsal.com.br\/novo\/wp-json\/wp\/v2\/users\/1"}],"replies":[{"embeddable":true,"href":"https:\/\/www.federacaopaulistadefutsal.com.br\/novo\/wp-json\/wp\/v2\/comments?post=9656"}],"version-history":[{"count":0,"href":"https:\/\/www.federacaopaulistadefutsal.com.br\/novo\/wp-json\/wp\/v2\/posts\/9656\/revisions"}],"wp:featuredmedia":[{"embeddable":true,"href":"https:\/\/www.federacaopaulistadefutsal.com.br\/novo\/wp-json\/"}],"wp:attachment":[{"href":"https:\/\/www.federacaopaulistadefutsal.com.br\/novo\/wp-json\/wp\/v2\/media?parent=9656"}],"wp:term":[{"taxonomy":"category","embeddable":true,"href":"https:\/\/www.federacaopaulistadefutsal.com.br\/novo\/wp-json\/wp\/v2\/categories?post=9656"},{"taxonomy":"post_tag","embeddable":true,"href":"https:\/\/www.federacaopaulistadefutsal.com.br\/novo\/wp-json\/wp\/v2\/tags?post=9656"}],"curies":[{"name":"wp","href":"https:\/\/api.w.org\/{rel}","templated":true}]}}