{"id":9664,"date":"2016-03-21T15:01:50","date_gmt":"2016-03-21T15:01:50","guid":{"rendered":"http:\/\/www.federacaopaulistadefutsal.com.br\/?p=9664"},"modified":"2016-03-21T15:01:50","modified_gmt":"2016-03-21T15:01:50","slug":"menores-do-sao-joaojundiai-conseguem-cinco-vitorias-no-final-de-semana","status":"publish","type":"post","link":"https:\/\/www.federacaopaulistadefutsal.com.br\/novo\/menores-do-sao-joaojundiai-conseguem-cinco-vitorias-no-final-de-semana\/","title":{"rendered":"Menores do S\u00e3o Jo\u00e3o\/Jundia\u00ed conseguem cinco vit\u00f3rias no final de semana"},"content":{"rendered":"<p>&nbsp;<br \/>\nNo \u00faltimo final de semana, s\u00e1bado (19) e domingo (20), as equipes de menores do S\u00e3o Jo\u00e3o\/Jundia\u00ed encararam a A.A.B.B. e o S\u00e3o Paulo F.C., respectivamente, e conseguiram cinco vit\u00f3rias em dez jogos, v\u00e1lidos pelas categorias sub-10, 12, 14, 16 e 17. As partidas entre os times do interior com os da capital aconteceram nos gin\u00e1sios da A.A.B.B. e Dr. Rom\u00e3o de Souza.<br \/>\nPela categoria sub-10, os meninos do S\u00e3o Jo\u00e3o venceram\u00a0a A.A.B.B. por 5 a 2 e, no dia seguinte, empataram com o Tricolor pelo placar de 4 a 4. J\u00e1 a garotada do sub-12 perdeu para a A.A.B.B. por 3 a 1 e, diante do S\u00e3o Paulo, bateu o rival pelo placar de 2 a 1.<br \/>\nO time de Jundia\u00ed-SP, contra a molecada sub-14 da A.A.B.B, venceu por 1 a 0, e no domingo (20) goleou o\u00a0S.P.F.C. pelo placar de 4 a 0. No sub-16, os meninos do S\u00e3o Jo\u00e3o foram derrotados pela A.A.B.B. por 3 a 1 e, contra o Tricolor, ficaram no empate em 2 a 2.<br \/>\nE, por fim, o elenco sub-17 da equipe jundiaiense, em partida equilibrada nas quatro linhas, bateu a A.A.B.B. pelo placar de 2 a 1, no s\u00e1bado (19), e sofreu goleada de 7 a 3 para o S\u00e3o Paulo, no domingo (20).<br \/>\nAgora, por conta de feriado no estado de S\u00e3o Paulo na pr\u00f3xima sexta-feira (25), os menores da equipe de Jundia\u00ed-SP v\u00e3o encarar o Osasco\u00a0no dia 02 de abril. As partidas acontecer\u00e3o no munic\u00edpio osasquense.<br \/>\n&nbsp;<br \/>\nPor Assessoria FPFS<br \/>\nCom informa\u00e7\u00f5es: Ayrton Miguel\/R\u00e9gis Belode<br \/>\n&nbsp;<\/p>\n","protected":false},"excerpt":{"rendered":"<p>&nbsp; No \u00faltimo final de semana, s\u00e1bado (19) e domingo (20), as equipes de menores do S\u00e3o Jo\u00e3o\/Jundia\u00ed encararam a<\/p>\n","protected":false},"author":1,"featured_media":9666,"comment_status":"closed","ping_status":"open","sticky":false,"template":"","format":"standard","meta":{"footnotes":""},"categories":[33,12],"tags":[104,597,1072,1453,1643,1650,2101,2196,2207,2604],"class_list":["post-9664","post","type-post","status-publish","format-standard","has-post-thumbnail","hentry","category-menores","category-metropolitano-base-a1","tag-a-a-b-b","tag-cinco","tag-final-de-semana","tag-jundiai","tag-menores-2","tag-metropolitano","tag-resultados","tag-sao-joao","tag-sao-paulo","tag-vitorias"],"_links":{"self":[{"href":"https:\/\/www.federacaopaulistadefutsal.com.br\/novo\/wp-json\/wp\/v2\/posts\/9664","targetHints":{"allow":["GET"]}}],"collection":[{"href":"https:\/\/www.federacaopaulistadefutsal.com.br\/novo\/wp-json\/wp\/v2\/posts"}],"about":[{"href":"https:\/\/www.federacaopaulistadefutsal.com.br\/novo\/wp-json\/wp\/v2\/types\/post"}],"author":[{"embeddable":true,"href":"https:\/\/www.federacaopaulistadefutsal.com.br\/novo\/wp-json\/wp\/v2\/users\/1"}],"replies":[{"embeddable":true,"href":"https:\/\/www.federacaopaulistadefutsal.com.br\/novo\/wp-json\/wp\/v2\/comments?post=9664"}],"version-history":[{"count":0,"href":"https:\/\/www.federacaopaulistadefutsal.com.br\/novo\/wp-json\/wp\/v2\/posts\/9664\/revisions"}],"wp:featuredmedia":[{"embeddable":true,"href":"https:\/\/www.federacaopaulistadefutsal.com.br\/novo\/wp-json\/"}],"wp:attachment":[{"href":"https:\/\/www.federacaopaulistadefutsal.com.br\/novo\/wp-json\/wp\/v2\/media?parent=9664"}],"wp:term":[{"taxonomy":"category","embeddable":true,"href":"https:\/\/www.federacaopaulistadefutsal.com.br\/novo\/wp-json\/wp\/v2\/categories?post=9664"},{"taxonomy":"post_tag","embeddable":true,"href":"https:\/\/www.federacaopaulistadefutsal.com.br\/novo\/wp-json\/wp\/v2\/tags?post=9664"}],"curies":[{"name":"wp","href":"https:\/\/api.w.org\/{rel}","templated":true}]}}