{"id":9731,"date":"2016-03-23T14:00:31","date_gmt":"2016-03-23T14:00:31","guid":{"rendered":"http:\/\/www.federacaopaulistadefutsal.com.br\/?p=9731"},"modified":"2016-03-23T14:00:31","modified_gmt":"2016-03-23T14:00:31","slug":"apos-torneio-de-gramado-rs-orlandia-estreia-contra-a-a-b-b-na-liga-paulista","status":"publish","type":"post","link":"https:\/\/www.federacaopaulistadefutsal.com.br\/novo\/apos-torneio-de-gramado-rs-orlandia-estreia-contra-a-a-b-b-na-liga-paulista\/","title":{"rendered":"Ap\u00f3s torneio de Gramado-RS, Orl\u00e2ndia estreia contra A.A.B.B. na Liga Paulista"},"content":{"rendered":"<p>&nbsp;<br \/>\nAp\u00f3s participar de torneio de pr\u00e9-temporada em Gramado, no Rio Grande do Sul, a ADC Intelli, agora, concentra suas for\u00e7as e aten\u00e7\u00f5es na Liga Paulista de Futsal (LPF). Na pr\u00f3xima quinta-feira (24), o Orl\u00e2ndia vai encarar a A.A.B.B., da capital, em partida v\u00e1lida pela estreia de ambos os times na competi\u00e7\u00e3o e que acontecer\u00e1 no gin\u00e1sio &#8220;A&#8221; da A.A.B.B., a partir das 19h00, em S\u00e3o Paulo-SP.<br \/>\nApesar de n\u00e3o ter chegado \u00e0 final da competi\u00e7\u00e3o no sul do pa\u00eds, que teve Carlos Barbosa (RS) e Conc\u00f3rdia (SC), em duelo vencido pela ACBF, Cid\u00e3o, t\u00e9cnico da Intelli,\u00a0cr\u00ea que o certame foi essencial \u00e0\u00a0prepara\u00e7\u00e3o do time orlandino para\u00a02016, declarando que est\u00e1 pr\u00f3ximo de encontrar &#8220;quartetos ideais&#8221; para o clube gren\u00e1: <strong>&#8220;O torneio de Gramado foi important\u00edssimo, n\u00e3o fui at\u00e9 l\u00e1 em busca de trof\u00e9u, se viesse, seria \u00f3timo, mas o que eu queria avaliar eu consegui, que era enxergar as dificuldades que a equipe tinha. Tive que mexer no time, mesclando os quartetos, mas funcionou. Estou satisfeito com o que foi apresentado&#8221;,<\/strong> disse.<br \/>\n<strong>O Orl\u00e2ndia na Liga Paulista de Futsal (LPF)\u00a0<\/strong><br \/>\nPelo principal torneio das quadras de S\u00e3o Paulo, o Orl\u00e2ndia est\u00e1 no grupo B, ao lado das seguintes equipes:\u00a0A.A.B.B., advers\u00e1rio na estreia, A.D. Indaiatuba, A.D. S\u00e3o Bernardo, Dracena, Gr\u00eamio Mogiano, S\u00e3o Paulo, Sorocaba e Taubat\u00e9;\u00a0A.A. FIB, Atl\u00e9tico Guarulhense, Corinthians, atual campe\u00e3o, Jacare\u00ed, Pompeia, Pulo do Gato, S\u00e3o Caetano, S\u00e3o Jos\u00e9 e Yoka fazem parte do grupo A.<br \/>\n<strong>LPF vers\u00e3o 2016<\/strong><br \/>\nDe acordo com o regulamento do torneio, os times jogar\u00e3o contra os advers\u00e1rios de suas respectivas chaves, em apenas um turno, e avan\u00e7ar\u00e3o de fase se alcan\u00e7arem ao menos a sexta posi\u00e7\u00e3o. Os dois primeiros colocados de cada grupo se garantir\u00e3o na terceira fase da Liga Paulista, e as equipes que ficarem entre a terceira e a sexta coloca\u00e7\u00f5es\u00a0nas chaves\u00a0ter\u00e3o que disputar os playoffs do campeonato.<br \/>\n&nbsp;<br \/>\nPor Assessoria FPFS<br \/>\nCom informa\u00e7\u00f5es: Carlos Silva\/ADC Intelli<br \/>\nFoto: Divulga\u00e7\u00e3o\/ Carlos Silva\/ADC Intelli<\/p>\n","protected":false},"excerpt":{"rendered":"<p>&nbsp; Ap\u00f3s participar de torneio de pr\u00e9-temporada em Gramado, no Rio Grande do Sul, a ADC Intelli, agora, concentra suas<\/p>\n","protected":false},"author":1,"featured_media":9732,"comment_status":"closed","ping_status":"open","sticky":false,"template":"","format":"standard","meta":{"footnotes":""},"categories":[29,31,32],"tags":[104,509,595,671,987,1103,1334,1418,1525,1556,1789,1791,2023,2207],"class_list":["post-9731","post","type-post","status-publish","format-standard","has-post-thumbnail","hentry","category-interior","category-liga-paulista-de-futsal","category-maiores","tag-a-a-b-b","tag-capital","tag-cidao","tag-confronto","tag-estreia","tag-fora-de-casa","tag-interior","tag-jogo","tag-liga-paulista","tag-lpf","tag-orlandia","tag-orlandinos","tag-quinta","tag-sao-paulo"],"_links":{"self":[{"href":"https:\/\/www.federacaopaulistadefutsal.com.br\/novo\/wp-json\/wp\/v2\/posts\/9731","targetHints":{"allow":["GET"]}}],"collection":[{"href":"https:\/\/www.federacaopaulistadefutsal.com.br\/novo\/wp-json\/wp\/v2\/posts"}],"about":[{"href":"https:\/\/www.federacaopaulistadefutsal.com.br\/novo\/wp-json\/wp\/v2\/types\/post"}],"author":[{"embeddable":true,"href":"https:\/\/www.federacaopaulistadefutsal.com.br\/novo\/wp-json\/wp\/v2\/users\/1"}],"replies":[{"embeddable":true,"href":"https:\/\/www.federacaopaulistadefutsal.com.br\/novo\/wp-json\/wp\/v2\/comments?post=9731"}],"version-history":[{"count":0,"href":"https:\/\/www.federacaopaulistadefutsal.com.br\/novo\/wp-json\/wp\/v2\/posts\/9731\/revisions"}],"wp:featuredmedia":[{"embeddable":true,"href":"https:\/\/www.federacaopaulistadefutsal.com.br\/novo\/wp-json\/"}],"wp:attachment":[{"href":"https:\/\/www.federacaopaulistadefutsal.com.br\/novo\/wp-json\/wp\/v2\/media?parent=9731"}],"wp:term":[{"taxonomy":"category","embeddable":true,"href":"https:\/\/www.federacaopaulistadefutsal.com.br\/novo\/wp-json\/wp\/v2\/categories?post=9731"},{"taxonomy":"post_tag","embeddable":true,"href":"https:\/\/www.federacaopaulistadefutsal.com.br\/novo\/wp-json\/wp\/v2\/tags?post=9731"}],"curies":[{"name":"wp","href":"https:\/\/api.w.org\/{rel}","templated":true}]}}