{"id":9780,"date":"2016-03-27T11:27:47","date_gmt":"2016-03-27T11:27:47","guid":{"rendered":"http:\/\/www.federacaopaulistadefutsal.com.br\/?p=9780"},"modified":"2016-03-27T11:27:47","modified_gmt":"2016-03-27T11:27:47","slug":"no-ayrton-senna-sorocaba-futsal-bate-sao-bernardo-pela-estreia-na-lpf","status":"publish","type":"post","link":"https:\/\/www.federacaopaulistadefutsal.com.br\/novo\/no-ayrton-senna-sorocaba-futsal-bate-sao-bernardo-pela-estreia-na-lpf\/","title":{"rendered":"No Ayrton Senna, Sorocaba Futsal bate S\u00e3o Bernardo pela estreia na LPF"},"content":{"rendered":"<p>&nbsp;<br \/>\nTime do craque Falc\u00e3o, o Sorocaba Futsal encarou, na \u00faltima quinta-feira (24), a A.D. S\u00e3o Bernardo, em jogo v\u00e1lido pela estreia na Liga Paulista, principal competi\u00e7\u00e3o das quadras de S\u00e3o Paulo. A equipe sorocabana bateu a bernardense pelo placar de 2 a 0, em partida que aconteceu no gin\u00e1sio Ayrton Senna, em Itapetininga-SP.<br \/>\nOs gols da vit\u00f3ria do time do interior sa\u00edram dos p\u00e9s de &#8220;Neguinho&#8221;, que balan\u00e7ou a rede duas vezes. Na primeira, ap\u00f3s drible curto e r\u00e1pido no advers\u00e1rio, ele bateu forte, no alto, sem chances de defesa para o goleiro, e na segunda, o jogador tabelou a bola no ataque, a recebeu e, no canto do arqueiro, &#8220;matou&#8221; a partida a favor dos sorocabanos.<br \/>\nAgora, o Sorocaba vai encarar a A.A.B.B. na pr\u00f3xima quinta-feira (31), fora de casa, no gin\u00e1sio &#8220;A&#8221; da A.A.B.B., a partir das 19h00, em S\u00e3o Paulo-SP. J\u00e1 o S\u00e3o Bernardo, ap\u00f3s a derrota, medir\u00e1 for\u00e7as com o Dracena Futsal na quarta (30), \u00e0s 20h00, no Adib Moys\u00e9s Dib, no ABC paulista; ambas as partidas s\u00e3o v\u00e1lidas pela segunda rodada da LPF.<br \/>\n&nbsp;<br \/>\nPor Assessoria FPFS<br \/>\nCom informa\u00e7\u00f5es: Futsal em Pauta<br \/>\nFoto: Divulga\u00e7\u00e3o\/Magnus Futsal<br \/>\n&nbsp;<br \/>\n&nbsp;<\/p>\n","protected":false},"excerpt":{"rendered":"<p>&nbsp; Time do craque Falc\u00e3o, o Sorocaba Futsal encarou, na \u00faltima quinta-feira (24), a A.D. S\u00e3o Bernardo, em jogo v\u00e1lido<\/p>\n","protected":false},"author":1,"featured_media":9781,"comment_status":"closed","ping_status":"open","sticky":false,"template":"","format":"standard","meta":{"footnotes":""},"categories":[29,31,32],"tags":[337,383,987,1360,1525,1556,1570,1722,2187,2325,2328,2603],"class_list":["post-9780","post","type-post","status-publish","format-standard","has-post-thumbnail","hentry","category-interior","category-liga-paulista-de-futsal","category-maiores","tag-ayrton-senna","tag-bernardenses","tag-estreia","tag-itapetininga","tag-liga-paulista","tag-lpf","tag-magnus","tag-neguinho","tag-sao-bernardo","tag-sorocaba","tag-sorocabanos","tag-vitoria"],"_links":{"self":[{"href":"https:\/\/www.federacaopaulistadefutsal.com.br\/novo\/wp-json\/wp\/v2\/posts\/9780","targetHints":{"allow":["GET"]}}],"collection":[{"href":"https:\/\/www.federacaopaulistadefutsal.com.br\/novo\/wp-json\/wp\/v2\/posts"}],"about":[{"href":"https:\/\/www.federacaopaulistadefutsal.com.br\/novo\/wp-json\/wp\/v2\/types\/post"}],"author":[{"embeddable":true,"href":"https:\/\/www.federacaopaulistadefutsal.com.br\/novo\/wp-json\/wp\/v2\/users\/1"}],"replies":[{"embeddable":true,"href":"https:\/\/www.federacaopaulistadefutsal.com.br\/novo\/wp-json\/wp\/v2\/comments?post=9780"}],"version-history":[{"count":0,"href":"https:\/\/www.federacaopaulistadefutsal.com.br\/novo\/wp-json\/wp\/v2\/posts\/9780\/revisions"}],"wp:featuredmedia":[{"embeddable":true,"href":"https:\/\/www.federacaopaulistadefutsal.com.br\/novo\/wp-json\/"}],"wp:attachment":[{"href":"https:\/\/www.federacaopaulistadefutsal.com.br\/novo\/wp-json\/wp\/v2\/media?parent=9780"}],"wp:term":[{"taxonomy":"category","embeddable":true,"href":"https:\/\/www.federacaopaulistadefutsal.com.br\/novo\/wp-json\/wp\/v2\/categories?post=9780"},{"taxonomy":"post_tag","embeddable":true,"href":"https:\/\/www.federacaopaulistadefutsal.com.br\/novo\/wp-json\/wp\/v2\/tags?post=9780"}],"curies":[{"name":"wp","href":"https:\/\/api.w.org\/{rel}","templated":true}]}}