{"id":9847,"date":"2016-03-29T21:17:52","date_gmt":"2016-03-29T21:17:52","guid":{"rendered":"http:\/\/www.federacaopaulistadefutsal.com.br\/?p=9847"},"modified":"2016-03-29T21:17:52","modified_gmt":"2016-03-29T21:17:52","slug":"preparador-fisico-avalia-inicio-de-rendimento-do-corinthians-na-liga-paulista","status":"publish","type":"post","link":"https:\/\/www.federacaopaulistadefutsal.com.br\/novo\/preparador-fisico-avalia-inicio-de-rendimento-do-corinthians-na-liga-paulista\/","title":{"rendered":"Preparador f\u00edsico avalia in\u00edcio de rendimento do Corinthians na Liga Paulista"},"content":{"rendered":"<p>&nbsp;<br \/>\nCampe\u00e3o da \u00faltima Liga Paulista de Futsal (LPF), o Corinthians segue se preparando para a atual edi\u00e7\u00e3o da\u00a0competi\u00e7\u00e3o e, ap\u00f3s tr\u00eas partidas disputadas, soma sete pontos ganhos, divididos em duas vit\u00f3rias e um empate. Preparador f\u00edsico do alvinegro, Juninho avaliou o in\u00edcio de rendimento da equipe no torneio estadual. Confira!<br \/>\n<strong>&#8220;Nesse in\u00edcio de Liga Paulista, planejamos realizar o m\u00e1ximo de jogos at\u00e9 o in\u00edcio da Liga Nacional, no objetivo de n\u00e3o acumular jogos e viagens, pois as duas competi\u00e7\u00f5es s\u00e3o realizadas simultaneamente. Ser\u00e3o seis jogos em 30 dias, que da uma m\u00e9dia de um jogo a cada cinco dias, para o nosso calend\u00e1rio \u00e9 uma m\u00e9dia muito boa&#8221;,<\/strong> declarou o preparador f\u00edsico.<br \/>\nAl\u00e9m da Liga Paulista, recentemente, o Tim\u00e3o entrou em quadra em amistosos de pr\u00e9-temporada e, tamb\u00e9m, pela Ta\u00e7a Brasil de Clubes, campeonato disputado em Carlos Barbosa-RS e que chegou at\u00e9 a semifinal, sendo eliminado pela ACBF. No pr\u00f3ximo m\u00eas, o Corinthians vai estrear pela Liga Nacional de Futsal (LNF), principal competi\u00e7\u00e3o do esporte das quatro linhas no Brasil.<br \/>\nSabendo, antes de mais nada, dos compromissos do &#8220;Time do povo&#8221; na Liga Paulista, sem se esquecer que o alvinegro ter\u00e1 outros desafios ao longo da temporada, Juninho disse o seguinte:\u00a0<strong>&#8220;Nestes primeiros dias de competi\u00e7\u00e3o, nossa equipe respondeu bem. Conseguimos manter a intensidade nos tr\u00eas primeiros jogos, e se recuperar, mesmo realizando tr\u00eas partidas em oito dias. Estamos sempre monitorando e avaliando os desgastes de nossos atletas, nossos departamentos s\u00e3o integrados e isso facilita muito&#8221;,<\/strong>\u00a0avaliou.<br \/>\nEm rela\u00e7\u00e3o ao jogo contra o S\u00e3o Jos\u00e9, pr\u00f3ximo confronto da equipe na LPF, marcado para sexta-feira (01), \u00e0s 19h45, no gin\u00e1sio do Parque S\u00e3o Jorge, o preparador f\u00edsico destacou:\u00a0<strong>&#8220;Nesta semana o foco \u00e9 todo destinado ao S\u00e3o Jos\u00e9, nosso pr\u00f3ximo advers\u00e1rio no Parque S\u00e3o Jorge. Estamos treinando forte, cuidando da parte muscular dos\u00a0atletas e realizando treinamentos espec\u00edficos para melhorarmos o individual e o coletivo&#8221;,<\/strong> finalizou.<br \/>\n&nbsp;<br \/>\nPor Assessoria FPFS<br \/>\nCom informa\u00e7\u00f5es: Futsal em Pauta<br \/>\nFoto: Divulga\u00e7\u00e3o\/Luccas Salles<br \/>\n&nbsp;<\/p>\n","protected":false},"excerpt":{"rendered":"<p>&nbsp; Campe\u00e3o da \u00faltima Liga Paulista de Futsal (LPF), o Corinthians segue se preparando para a atual edi\u00e7\u00e3o da\u00a0competi\u00e7\u00e3o e,<\/p>\n","protected":false},"author":1,"featured_media":9848,"comment_status":"closed","ping_status":"open","sticky":false,"template":"","format":"standard","meta":{"footnotes":""},"categories":[31,32],"tags":[203,734,940,947,1085,1314,1456,1525,1556,1951,1953,1982,2087,2217,2323,2457],"class_list":["post-9847","post","type-post","status-publish","format-standard","has-post-thumbnail","hentry","category-liga-paulista-de-futsal","category-maiores","tag-alvinegro","tag-corinthians","tag-entrevista","tag-equipe","tag-fisico","tag-inicio","tag-juninho","tag-liga-paulista","tag-lpf","tag-preparador","tag-preparador-fisico","tag-profissional","tag-rendimento","tag-sccp","tag-sonoras","tag-timao"],"_links":{"self":[{"href":"https:\/\/www.federacaopaulistadefutsal.com.br\/novo\/wp-json\/wp\/v2\/posts\/9847","targetHints":{"allow":["GET"]}}],"collection":[{"href":"https:\/\/www.federacaopaulistadefutsal.com.br\/novo\/wp-json\/wp\/v2\/posts"}],"about":[{"href":"https:\/\/www.federacaopaulistadefutsal.com.br\/novo\/wp-json\/wp\/v2\/types\/post"}],"author":[{"embeddable":true,"href":"https:\/\/www.federacaopaulistadefutsal.com.br\/novo\/wp-json\/wp\/v2\/users\/1"}],"replies":[{"embeddable":true,"href":"https:\/\/www.federacaopaulistadefutsal.com.br\/novo\/wp-json\/wp\/v2\/comments?post=9847"}],"version-history":[{"count":0,"href":"https:\/\/www.federacaopaulistadefutsal.com.br\/novo\/wp-json\/wp\/v2\/posts\/9847\/revisions"}],"wp:featuredmedia":[{"embeddable":true,"href":"https:\/\/www.federacaopaulistadefutsal.com.br\/novo\/wp-json\/"}],"wp:attachment":[{"href":"https:\/\/www.federacaopaulistadefutsal.com.br\/novo\/wp-json\/wp\/v2\/media?parent=9847"}],"wp:term":[{"taxonomy":"category","embeddable":true,"href":"https:\/\/www.federacaopaulistadefutsal.com.br\/novo\/wp-json\/wp\/v2\/categories?post=9847"},{"taxonomy":"post_tag","embeddable":true,"href":"https:\/\/www.federacaopaulistadefutsal.com.br\/novo\/wp-json\/wp\/v2\/tags?post=9847"}],"curies":[{"name":"wp","href":"https:\/\/api.w.org\/{rel}","templated":true}]}}