{"id":9859,"date":"2016-03-30T10:18:35","date_gmt":"2016-03-30T10:18:35","guid":{"rendered":"http:\/\/www.federacaopaulistadefutsal.com.br\/?p=9859"},"modified":"2016-03-30T10:18:35","modified_gmt":"2016-03-30T10:18:35","slug":"no-classico-do-vale-yoka-bate-jacarei-pela-segunda-rodada-da-lpf","status":"publish","type":"post","link":"https:\/\/www.federacaopaulistadefutsal.com.br\/novo\/no-classico-do-vale-yoka-bate-jacarei-pela-segunda-rodada-da-lpf\/","title":{"rendered":"No cl\u00e1ssico do Vale, Yoka bate Jacare\u00ed pela segunda rodada da LPF"},"content":{"rendered":"<p>&nbsp;<br \/>\nNa \u00faltima ter\u00e7a-feira (29), em jogo v\u00e1lido pela segunda rodada da Liga Paulista de Futsal (LPF), A.D. Yoka e Jacare\u00ed se enfrentaram\u00a0no gin\u00e1sio do Itaguar\u00e1 Country Clube, em Guaratinguet\u00e1-SP. Pelo cl\u00e1ssico do Vale do Para\u00edba, a equipe de &#8220;Guar\u00e1&#8221; bateu o rival jacareiense pelo placar de 2 a 0 e, com o resultado, somou\u00a0seus tr\u00eas primeiros\u00a0pontos na competi\u00e7\u00e3o; j\u00e1 o time de Jacare\u00ed-SP segue sem vencer.<br \/>\nOs gols da vit\u00f3ria da\u00a0Yoka foram marcados por Wagner da Silva, camisa 33, e Rafael Carvalho, que veste a de n\u00famero 93. Anteriormente, tanto os guaratinguetaenses como os jacareienses haviam enfrentado o Corinthians, em confrontos de estreia pelo torneio estadual; a equipe de Guaratinguet\u00e1-SP empatou por 2 a 2, e o Jacare\u00ed, em duelo equilibrado nas quatro linhas, foi derrotado por 3 a 2.<br \/>\nAgora, ap\u00f3s a vit\u00f3ria diante do arquirrival do Vale, a Yoka vai encarar o S\u00e3o Caetano no dia 14 de abril, a partir das 20h00, novamente no gin\u00e1sio do Itaguar\u00e1. J\u00e1 o &#8220;JAC&#8221;,\u00a0depois da derrota no cl\u00e1ssico, medir\u00e1 for\u00e7as com a A.A. FIB, de Bauru-SP, no dia 08, \u00e0s 20h00, no Duduz\u00e3o, casa da equipe bauruense; ambos os confrontos s\u00e3o v\u00e1lidos pela terceira rodada da LPF.<br \/>\n&nbsp;<br \/>\nPor Assessoria FPFS<br \/>\nFoto: Divulga\u00e7\u00e3o\/L5 Comunica\u00e7\u00e3o<br \/>\n&nbsp;<br \/>\n&nbsp;<br \/>\n&nbsp;<\/p>\n","protected":false},"excerpt":{"rendered":"<p>&nbsp; Na \u00faltima ter\u00e7a-feira (29), em jogo v\u00e1lido pela segunda rodada da Liga Paulista de Futsal (LPF), A.D. Yoka e<\/p>\n","protected":false},"author":1,"featured_media":9861,"comment_status":"closed","ping_status":"open","sticky":false,"template":"","format":"standard","meta":{"footnotes":""},"categories":[29,31,32],"tags":[608,1240,1242,1334,1354,1380,1382,1525,1556,2548,2563,2603,2631],"class_list":["post-9859","post","type-post","status-publish","format-standard","has-post-thumbnail","hentry","category-interior","category-liga-paulista-de-futsal","category-maiores","tag-classico","tag-guaratingueta","tag-guaratinguetaenses","tag-interior","tag-itaguara","tag-jacarei","tag-jacareienses","tag-liga-paulista","tag-lpf","tag-vale-do-paraiba","tag-vence","tag-vitoria","tag-yoka"],"_links":{"self":[{"href":"https:\/\/www.federacaopaulistadefutsal.com.br\/novo\/wp-json\/wp\/v2\/posts\/9859","targetHints":{"allow":["GET"]}}],"collection":[{"href":"https:\/\/www.federacaopaulistadefutsal.com.br\/novo\/wp-json\/wp\/v2\/posts"}],"about":[{"href":"https:\/\/www.federacaopaulistadefutsal.com.br\/novo\/wp-json\/wp\/v2\/types\/post"}],"author":[{"embeddable":true,"href":"https:\/\/www.federacaopaulistadefutsal.com.br\/novo\/wp-json\/wp\/v2\/users\/1"}],"replies":[{"embeddable":true,"href":"https:\/\/www.federacaopaulistadefutsal.com.br\/novo\/wp-json\/wp\/v2\/comments?post=9859"}],"version-history":[{"count":0,"href":"https:\/\/www.federacaopaulistadefutsal.com.br\/novo\/wp-json\/wp\/v2\/posts\/9859\/revisions"}],"wp:featuredmedia":[{"embeddable":true,"href":"https:\/\/www.federacaopaulistadefutsal.com.br\/novo\/wp-json\/"}],"wp:attachment":[{"href":"https:\/\/www.federacaopaulistadefutsal.com.br\/novo\/wp-json\/wp\/v2\/media?parent=9859"}],"wp:term":[{"taxonomy":"category","embeddable":true,"href":"https:\/\/www.federacaopaulistadefutsal.com.br\/novo\/wp-json\/wp\/v2\/categories?post=9859"},{"taxonomy":"post_tag","embeddable":true,"href":"https:\/\/www.federacaopaulistadefutsal.com.br\/novo\/wp-json\/wp\/v2\/tags?post=9859"}],"curies":[{"name":"wp","href":"https:\/\/api.w.org\/{rel}","templated":true}]}}